{"id":283137,"date":"2023-06-24T15:23:14","date_gmt":"2023-06-24T12:23:14","guid":{"rendered":"https:\/\/sana.sy\/tr\/?p=283137"},"modified":"2023-06-25T08:43:46","modified_gmt":"2023-06-25T05:43:46","slug":"son-24-saatte-11-zayif-deprem-kaydedildi","status":"publish","type":"post","link":"https:\/\/archive.sana.sy\/tr\/?p=283137","title":{"rendered":"Son 24 Saatte 11 Zay\u0131f Deprem Kaydedildi"},"content":{"rendered":"<p><strong>\u015eAM<\/strong>\u00a0 &#8211; Ulusal Deprem Merkezi, istasyonlar\u0131nda son 24 saat i\u00e7inde Richter \u00f6l\u00e7e\u011fine g\u00f6re en y\u00fckse\u011fi 3,1 olan 11 zay\u0131f sars\u0131nt\u0131n\u0131n kaydedildi\u011fini duyurdu.<\/p>\n<p>Merkez yapt\u0131\u011f\u0131 a\u00e7\u0131klamada, son 24 saatte kaydedilen sars\u0131nt\u0131lar\u0131n, \u015fiddeti 1,3 ile 2,2 derece aras\u0131nda de\u011fi\u015fen, Hama&#8217;n\u0131n 15 km kuzeydo\u011fusundaki 1,4 b\u00fcy\u00fckl\u00fc\u011f\u00fcndeki depreme ve Liva \u0130skenderun&#8217;da meydana gelen be\u015f sars\u0131nt\u0131ya da\u011f\u0131t\u0131ld\u0131\u011f\u0131n\u0131 bildirdi.<\/p>\n<p>Merkez ayr\u0131ca, Akdeniz&#8217;de 2,4 derecelik depreme ek olarak, T\u00fcrkiye&#8217;de 2,1 ile 3,1 derece aras\u0131nda de\u011fi\u015fen 4 sars\u0131nt\u0131 meydana geldi\u011fini kaydetti.<\/p>\n<p>R.M<\/p>\n<p><a href=\"https:\/\/t.me\/SuriyeArapHaberAjansI\">Telegram Kanal\u0131m\u0131z\u00a0<\/a><\/p>\n<p><a href=\"https:\/\/www.facebook.com\/SANAHaberAjansi\/\">Facebook Sayfam\u0131z<\/a><\/p>\n<p><a href=\"https:\/\/twitter.com\/arap_ajans\">Twitter Hesab\u0131m\u0131z<\/a><\/p>\n","protected":false},"excerpt":{"rendered":"<p>\u015eAM\u00a0 &#8211; Ulusal Deprem Merkezi, istasyonlar\u0131nda son 24 saat i\u00e7inde Richter \u00f6l\u00e7e\u011fine g\u00f6re en y\u00fckse\u011fi 3,1 olan 11 zay\u0131f sars\u0131nt\u0131n\u0131n kaydedildi\u011fini duyurdu. Merkez yapt\u0131\u011f\u0131 a\u00e7\u0131klamada, son 24 saatte kaydedilen sars\u0131nt\u0131lar\u0131n, \u015fiddeti 1,3 ile 2,2 derece aras\u0131nda de\u011fi\u015fen, Hama&#8217;n\u0131n 15 km kuzeydo\u011fusundaki 1,4 b\u00fcy\u00fckl\u00fc\u011f\u00fcndeki depreme ve Liva \u0130skenderun&#8217;da meydana gelen be\u015f sars\u0131nt\u0131ya da\u011f\u0131t\u0131ld\u0131\u011f\u0131n\u0131 bildirdi. Merkez ayr\u0131ca, &hellip;<\/p>\n","protected":false},"author":41,"featured_media":283138,"comment_status":"closed","ping_status":"closed","sticky":false,"template":"","format":"standard","meta":{"footnotes":""},"categories":[479,17988,478],"tags":[38205,38222,38304,38302,38303],"class_list":["post-283137","post","type-post","status-publish","format-standard","has-post-thumbnail","","category-haberler-yerel","category-son-haberler","category-yerel","tag-deprem","tag-depremler","tag-liva-iskenderun","tag-suriyede-deprem","tag-turkiyede-deprem"],"_links":{"self":[{"href":"https:\/\/archive.sana.sy\/tr\/index.php?rest_route=\/wp\/v2\/posts\/283137","targetHints":{"allow":["GET"]}}],"collection":[{"href":"https:\/\/archive.sana.sy\/tr\/index.php?rest_route=\/wp\/v2\/posts"}],"about":[{"href":"https:\/\/archive.sana.sy\/tr\/index.php?rest_route=\/wp\/v2\/types\/post"}],"author":[{"embeddable":true,"href":"https:\/\/archive.sana.sy\/tr\/index.php?rest_route=\/wp\/v2\/users\/41"}],"replies":[{"embeddable":true,"href":"https:\/\/archive.sana.sy\/tr\/index.php?rest_route=%2Fwp%2Fv2%2Fcomments&post=283137"}],"version-history":[{"count":2,"href":"https:\/\/archive.sana.sy\/tr\/index.php?rest_route=\/wp\/v2\/posts\/283137\/revisions"}],"predecessor-version":[{"id":283140,"href":"https:\/\/archive.sana.sy\/tr\/index.php?rest_route=\/wp\/v2\/posts\/283137\/revisions\/283140"}],"wp:featuredmedia":[{"embeddable":true,"href":"https:\/\/archive.sana.sy\/tr\/index.php?rest_route=\/wp\/v2\/media\/283138"}],"wp:attachment":[{"href":"https:\/\/archive.sana.sy\/tr\/index.php?rest_route=%2Fwp%2Fv2%2Fmedia&parent=283137"}],"wp:term":[{"taxonomy":"category","embeddable":true,"href":"https:\/\/archive.sana.sy\/tr\/index.php?rest_route=%2Fwp%2Fv2%2Fcategories&post=283137"},{"taxonomy":"post_tag","embeddable":true,"href":"https:\/\/archive.sana.sy\/tr\/index.php?rest_route=%2Fwp%2Fv2%2Ftags&post=283137"}],"curies":[{"name":"wp","href":"https:\/\/api.w.org\/{rel}","templated":true}]}}