{"id":283144,"date":"2023-06-24T16:23:45","date_gmt":"2023-06-24T13:23:45","guid":{"rendered":"https:\/\/sana.sy\/tr\/?p=283144"},"modified":"2023-06-25T11:45:09","modified_gmt":"2023-06-25T08:45:09","slug":"arnus-ekonomi-komitesinin-bazi-sektorlerle-ilgili-bir-dizi-tavsiyesini-kabul-etti","status":"publish","type":"post","link":"https:\/\/archive.sana.sy\/tr\/?p=283144","title":{"rendered":"Arnus, Ekonomi Komitesinin Baz\u0131 Sekt\u00f6rlerle \u0130lgili Bir Dizi Tavsiyesini Kabul Etti"},"content":{"rendered":"<p><strong>\u015eAM<\/strong> &#8211; Ba\u015fbakan H\u00fcseyin Arnus, Suriye Tah\u0131l \u015eirketi&#8217;ndeki elektronik kasalar i\u00e7in elektronik g\u00f6stergelerin ve y\u00fck h\u00fccrelerinin tedarikine ili\u015fkin s\u00f6zle\u015fmenin onaylanmas\u0131 da dahil olmak \u00fczere, Ekonomik Komite&#8217;nin bir dizi tavsiyesini onaylad\u0131.<\/p>\n<p>Onaylanan tavsiyeler aras\u0131nda, baz\u0131 bakanl\u0131klar\u0131n ihtiya\u00e7lar\u0131n\u0131n kar\u015f\u0131lanmas\u0131 amac\u0131yla halk sa\u011fl\u0131\u011f\u0131 sekt\u00f6r\u00fcne ila\u00e7 sa\u011flamaya y\u00f6nelik bir dizi s\u00f6zle\u015fmenin onaylanmas\u0131 yer al\u0131yor.<\/p>\n<p>Arnus \u00a0ayr\u0131ca, Sa\u011fl\u0131k Bakanl\u0131\u011f\u0131 hastaneleri i\u00e7in oksijen \u00fcretim istasyonlar\u0131n\u0131n t\u00fcm yedek par\u00e7alar\u0131n\u0131n temini ile bak\u0131m ve onar\u0131ma ili\u015fkin s\u00f6zle\u015fmeyi de onaylamay\u0131 kabul etti.<\/p>\n<p>R.M<\/p>\n<p><a href=\"https:\/\/t.me\/SuriyeArapHaberAjansI\">Telegram Kanal\u0131m\u0131z\u00a0<\/a><\/p>\n<p><a href=\"https:\/\/www.facebook.com\/SANAHaberAjansi\/\">Facebook Sayfam\u0131z<\/a><\/p>\n<p><a href=\"https:\/\/twitter.com\/arap_ajans\">Twitter Hesab\u0131m\u0131z<\/a><\/p>\n","protected":false},"excerpt":{"rendered":"<p>\u015eAM &#8211; Ba\u015fbakan H\u00fcseyin Arnus, Suriye Tah\u0131l \u015eirketi&#8217;ndeki elektronik kasalar i\u00e7in elektronik g\u00f6stergelerin ve y\u00fck h\u00fccrelerinin tedarikine ili\u015fkin s\u00f6zle\u015fmenin onaylanmas\u0131 da dahil olmak \u00fczere, Ekonomik Komite&#8217;nin bir dizi tavsiyesini onaylad\u0131. Onaylanan tavsiyeler aras\u0131nda, baz\u0131 bakanl\u0131klar\u0131n ihtiya\u00e7lar\u0131n\u0131n kar\u015f\u0131lanmas\u0131 amac\u0131yla halk sa\u011fl\u0131\u011f\u0131 sekt\u00f6r\u00fcne ila\u00e7 sa\u011flamaya y\u00f6nelik bir dizi s\u00f6zle\u015fmenin onaylanmas\u0131 yer al\u0131yor. Arnus \u00a0ayr\u0131ca, Sa\u011fl\u0131k Bakanl\u0131\u011f\u0131 hastaneleri &hellip;<\/p>\n","protected":false},"author":41,"featured_media":283145,"comment_status":"closed","ping_status":"closed","sticky":false,"template":"","format":"standard","meta":{"footnotes":""},"categories":[479,17988,478],"tags":[19043,38305,23245],"class_list":["post-283144","post","type-post","status-publish","format-standard","has-post-thumbnail","","category-haberler-yerel","category-son-haberler","category-yerel","tag-suriyede-son-durum","tag-suriyedeki-son-gelismeler","tag-suriyedeki-savas"],"_links":{"self":[{"href":"https:\/\/archive.sana.sy\/tr\/index.php?rest_route=\/wp\/v2\/posts\/283144","targetHints":{"allow":["GET"]}}],"collection":[{"href":"https:\/\/archive.sana.sy\/tr\/index.php?rest_route=\/wp\/v2\/posts"}],"about":[{"href":"https:\/\/archive.sana.sy\/tr\/index.php?rest_route=\/wp\/v2\/types\/post"}],"author":[{"embeddable":true,"href":"https:\/\/archive.sana.sy\/tr\/index.php?rest_route=\/wp\/v2\/users\/41"}],"replies":[{"embeddable":true,"href":"https:\/\/archive.sana.sy\/tr\/index.php?rest_route=%2Fwp%2Fv2%2Fcomments&post=283144"}],"version-history":[{"count":1,"href":"https:\/\/archive.sana.sy\/tr\/index.php?rest_route=\/wp\/v2\/posts\/283144\/revisions"}],"predecessor-version":[{"id":283146,"href":"https:\/\/archive.sana.sy\/tr\/index.php?rest_route=\/wp\/v2\/posts\/283144\/revisions\/283146"}],"wp:featuredmedia":[{"embeddable":true,"href":"https:\/\/archive.sana.sy\/tr\/index.php?rest_route=\/wp\/v2\/media\/283145"}],"wp:attachment":[{"href":"https:\/\/archive.sana.sy\/tr\/index.php?rest_route=%2Fwp%2Fv2%2Fmedia&parent=283144"}],"wp:term":[{"taxonomy":"category","embeddable":true,"href":"https:\/\/archive.sana.sy\/tr\/index.php?rest_route=%2Fwp%2Fv2%2Fcategories&post=283144"},{"taxonomy":"post_tag","embeddable":true,"href":"https:\/\/archive.sana.sy\/tr\/index.php?rest_route=%2Fwp%2Fv2%2Ftags&post=283144"}],"curies":[{"name":"wp","href":"https:\/\/api.w.org\/{rel}","templated":true}]}}