{"id":283164,"date":"2023-06-25T11:06:26","date_gmt":"2023-06-25T08:06:26","guid":{"rendered":"http:\/\/sana.sy\/tr\/?p=283164"},"modified":"2023-06-26T09:04:05","modified_gmt":"2023-06-26T06:04:05","slug":"deradaki-teroristlerin-kurdugu-silahli-pusuda-4-polis-sehit-dustu-bir-kisi-de-yaralandi","status":"publish","type":"post","link":"https:\/\/archive.sana.sy\/tr\/?p=283164","title":{"rendered":"Dera&#8217;daki Ter\u00f6ristlerin Kurdu\u011fu Silahl\u0131 Pusuda 4 Polis \u015eehit D\u00fc\u015ft\u00fc, Bir Ki\u015fi De Yaraland\u0131"},"content":{"rendered":"<p><strong>DERA <\/strong>&#8211; Dera&#8217;n\u0131n Bat\u0131 k\u0131rsal\u0131ndaki Muzeyrib kasabas\u0131nda ter\u00f6ristler taraf\u0131ndan silahl\u0131 pusuya d\u00fc\u015f\u00fcr\u00fclen \u0130\u00e7 G\u00fcvenlik G\u00fc\u00e7leri&#8217;nden 4 ki\u015fi \u015fehit d\u00fc\u015ft\u00fc, bir ki\u015fi de yaraland\u0131.<\/p>\n<p>\u0130l Emniyet Komutanl\u0131\u011f\u0131ndan bir kaynak SANA&#8217;ya, Polis \u00fcyelerinin Tafas kentindeki s\u0131nav merkezlerini g\u00fcvenli\u011fini sa\u011flamak i\u00e7in yola \u00e7\u0131kt\u0131klar\u0131n\u0131 belirtti.<\/p>\n<p><a href=\"https:\/\/t.me\/SuriyeArapHaberAjansI\">Telegram Kanal\u0131m\u0131z\u00a0<\/a><\/p>\n<p><a href=\"https:\/\/www.facebook.com\/SANAHaberAjansi\/\">Facebook Sayfam\u0131z<\/a><\/p>\n<p><a href=\"https:\/\/twitter.com\/arap_ajans\">Twitter Hesab\u0131m\u0131z<\/a><\/p>\n","protected":false},"excerpt":{"rendered":"<p>DERA &#8211; Dera&#8217;n\u0131n Bat\u0131 k\u0131rsal\u0131ndaki Muzeyrib kasabas\u0131nda ter\u00f6ristler taraf\u0131ndan silahl\u0131 pusuya d\u00fc\u015f\u00fcr\u00fclen \u0130\u00e7 G\u00fcvenlik G\u00fc\u00e7leri&#8217;nden 4 ki\u015fi \u015fehit d\u00fc\u015ft\u00fc, bir ki\u015fi de yaraland\u0131. \u0130l Emniyet Komutanl\u0131\u011f\u0131ndan bir kaynak SANA&#8217;ya, Polis \u00fcyelerinin Tafas kentindeki s\u0131nav merkezlerini g\u00fcvenli\u011fini sa\u011flamak i\u00e7in yola \u00e7\u0131kt\u0131klar\u0131n\u0131 belirtti. Telegram Kanal\u0131m\u0131z\u00a0 Facebook Sayfam\u0131z Twitter Hesab\u0131m\u0131z<\/p>\n","protected":false},"author":39,"featured_media":283165,"comment_status":"closed","ping_status":"closed","sticky":false,"template":"","format":"standard","meta":{"footnotes":""},"categories":[479,575,17988,478],"tags":[],"class_list":["post-283164","post","type-post","status-publish","format-standard","has-post-thumbnail","","category-haberler-yerel","category-olaylar-ve-gercekler","category-son-haberler","category-yerel"],"_links":{"self":[{"href":"https:\/\/archive.sana.sy\/tr\/index.php?rest_route=\/wp\/v2\/posts\/283164","targetHints":{"allow":["GET"]}}],"collection":[{"href":"https:\/\/archive.sana.sy\/tr\/index.php?rest_route=\/wp\/v2\/posts"}],"about":[{"href":"https:\/\/archive.sana.sy\/tr\/index.php?rest_route=\/wp\/v2\/types\/post"}],"author":[{"embeddable":true,"href":"https:\/\/archive.sana.sy\/tr\/index.php?rest_route=\/wp\/v2\/users\/39"}],"replies":[{"embeddable":true,"href":"https:\/\/archive.sana.sy\/tr\/index.php?rest_route=%2Fwp%2Fv2%2Fcomments&post=283164"}],"version-history":[{"count":2,"href":"https:\/\/archive.sana.sy\/tr\/index.php?rest_route=\/wp\/v2\/posts\/283164\/revisions"}],"predecessor-version":[{"id":283167,"href":"https:\/\/archive.sana.sy\/tr\/index.php?rest_route=\/wp\/v2\/posts\/283164\/revisions\/283167"}],"wp:featuredmedia":[{"embeddable":true,"href":"https:\/\/archive.sana.sy\/tr\/index.php?rest_route=\/wp\/v2\/media\/283165"}],"wp:attachment":[{"href":"https:\/\/archive.sana.sy\/tr\/index.php?rest_route=%2Fwp%2Fv2%2Fmedia&parent=283164"}],"wp:term":[{"taxonomy":"category","embeddable":true,"href":"https:\/\/archive.sana.sy\/tr\/index.php?rest_route=%2Fwp%2Fv2%2Fcategories&post=283164"},{"taxonomy":"post_tag","embeddable":true,"href":"https:\/\/archive.sana.sy\/tr\/index.php?rest_route=%2Fwp%2Fv2%2Ftags&post=283164"}],"curies":[{"name":"wp","href":"https:\/\/api.w.org\/{rel}","templated":true}]}}