{"id":283168,"date":"2023-06-25T11:42:12","date_gmt":"2023-06-25T08:42:12","guid":{"rendered":"http:\/\/sana.sy\/tr\/?p=283168"},"modified":"2023-06-26T08:48:44","modified_gmt":"2023-06-26T05:48:44","slug":"icisleri-bakani-lubnan-yerinden-edilenler-bakani-ile-yerinden-edilmis-suriyelilerin-geri-donusu-icin-isbirligini-gelistirmenin-yollarini-gorustu","status":"publish","type":"post","link":"https:\/\/archive.sana.sy\/tr\/?p=283168","title":{"rendered":"\u0130\u00e7i\u015fleri Bakan\u0131, L\u00fcbnan Yerinden Edilenler Bakan\u0131 \u0130le Yerinden Edilmi\u015f Suriyelilerin Geri D\u00f6n\u00fc\u015f\u00fc \u0130\u00e7in \u0130\u015fbirli\u011fini Geli\u015ftirmenin Yollar\u0131n\u0131 G\u00f6r\u00fc\u015ft\u00fc"},"content":{"rendered":"<p><strong>\u015eAM &#8211; <\/strong>\u0130\u00e7i\u015fleri Bakan\u0131 T\u00fcmgeneral Mhemmet El Rahmun, L\u00fcbnan Yerinden Edilenler Bakan\u0131 Essam \u015eeraf El Din ile yerinden edilmi\u015f Suriyelilerin anavatanlar\u0131na d\u00f6n\u00fc\u015f\u00fc i\u00e7in i\u015fbirli\u011fini geli\u015ftirmenin yollar\u0131n\u0131 g\u00f6r\u00fc\u015ft\u00fc.<\/p>\n<p>\u0130\u00e7i\u015fleri Bakan\u0131, Suriye&#8217;nin yerinden edilenlerin anavatanlar\u0131na d\u00f6n\u00fc\u015flerini sa\u011flamak, s\u0131n\u0131r karakollar\u0131ndaki durumlar\u0131n\u0131 \u00e7\u00f6zmek ve kar\u015f\u0131la\u015ft\u0131klar\u0131 t\u00fcm sorunlar\u0131 \u00e7\u00f6zmek i\u00e7in gerekli t\u00fcm kolayl\u0131klar\u0131 sa\u011flad\u0131\u011f\u0131n\u0131 vurgulad\u0131.<\/p>\n<p>Kendi y\u00f6n\u00fcnden Bakan \u015eeraf El Din ise, Suriye devleti ile ileti\u015fimin bir g\u00f6rev oldu\u011funu ve bu dosyada ileri ad\u0131mlara ula\u015fmak i\u00e7in gerekli oldu\u011funu belirterek, bu ziyaretin daha \u00f6nceki ziyaretlerin ve geli\u015fmelerin devam\u0131 niteli\u011finde oldu\u011funa i\u015faret etti.<\/p>\n<p><a href=\"https:\/\/t.me\/SuriyeArapHaberAjansI\">Telegram Kanal\u0131m\u0131z\u00a0<\/a><\/p>\n<p><a href=\"https:\/\/www.facebook.com\/SANAHaberAjansi\/\">Facebook Sayfam\u0131z<\/a><\/p>\n<p><a href=\"https:\/\/twitter.com\/arap_ajans\">Twitter Hesab\u0131m\u0131z<\/a><\/p>\n","protected":false},"excerpt":{"rendered":"<p>\u015eAM &#8211; \u0130\u00e7i\u015fleri Bakan\u0131 T\u00fcmgeneral Mhemmet El Rahmun, L\u00fcbnan Yerinden Edilenler Bakan\u0131 Essam \u015eeraf El Din ile yerinden edilmi\u015f Suriyelilerin anavatanlar\u0131na d\u00f6n\u00fc\u015f\u00fc i\u00e7in i\u015fbirli\u011fini geli\u015ftirmenin yollar\u0131n\u0131 g\u00f6r\u00fc\u015ft\u00fc. \u0130\u00e7i\u015fleri Bakan\u0131, Suriye&#8217;nin yerinden edilenlerin anavatanlar\u0131na d\u00f6n\u00fc\u015flerini sa\u011flamak, s\u0131n\u0131r karakollar\u0131ndaki durumlar\u0131n\u0131 \u00e7\u00f6zmek ve kar\u015f\u0131la\u015ft\u0131klar\u0131 t\u00fcm sorunlar\u0131 \u00e7\u00f6zmek i\u00e7in gerekli t\u00fcm kolayl\u0131klar\u0131 sa\u011flad\u0131\u011f\u0131n\u0131 vurgulad\u0131. Kendi y\u00f6n\u00fcnden Bakan \u015eeraf El &hellip;<\/p>\n","protected":false},"author":39,"featured_media":283169,"comment_status":"closed","ping_status":"closed","sticky":false,"template":"","format":"standard","meta":{"footnotes":""},"categories":[479,17988,478],"tags":[],"class_list":["post-283168","post","type-post","status-publish","format-standard","has-post-thumbnail","","category-haberler-yerel","category-son-haberler","category-yerel"],"_links":{"self":[{"href":"https:\/\/archive.sana.sy\/tr\/index.php?rest_route=\/wp\/v2\/posts\/283168","targetHints":{"allow":["GET"]}}],"collection":[{"href":"https:\/\/archive.sana.sy\/tr\/index.php?rest_route=\/wp\/v2\/posts"}],"about":[{"href":"https:\/\/archive.sana.sy\/tr\/index.php?rest_route=\/wp\/v2\/types\/post"}],"author":[{"embeddable":true,"href":"https:\/\/archive.sana.sy\/tr\/index.php?rest_route=\/wp\/v2\/users\/39"}],"replies":[{"embeddable":true,"href":"https:\/\/archive.sana.sy\/tr\/index.php?rest_route=%2Fwp%2Fv2%2Fcomments&post=283168"}],"version-history":[{"count":1,"href":"https:\/\/archive.sana.sy\/tr\/index.php?rest_route=\/wp\/v2\/posts\/283168\/revisions"}],"predecessor-version":[{"id":283170,"href":"https:\/\/archive.sana.sy\/tr\/index.php?rest_route=\/wp\/v2\/posts\/283168\/revisions\/283170"}],"wp:featuredmedia":[{"embeddable":true,"href":"https:\/\/archive.sana.sy\/tr\/index.php?rest_route=\/wp\/v2\/media\/283169"}],"wp:attachment":[{"href":"https:\/\/archive.sana.sy\/tr\/index.php?rest_route=%2Fwp%2Fv2%2Fmedia&parent=283168"}],"wp:term":[{"taxonomy":"category","embeddable":true,"href":"https:\/\/archive.sana.sy\/tr\/index.php?rest_route=%2Fwp%2Fv2%2Fcategories&post=283168"},{"taxonomy":"post_tag","embeddable":true,"href":"https:\/\/archive.sana.sy\/tr\/index.php?rest_route=%2Fwp%2Fv2%2Ftags&post=283168"}],"curies":[{"name":"wp","href":"https:\/\/api.w.org\/{rel}","templated":true}]}}