{"id":283179,"date":"2023-06-25T13:15:59","date_gmt":"2023-06-25T10:15:59","guid":{"rendered":"https:\/\/sana.sy\/tr\/?p=283179"},"modified":"2023-06-26T08:49:02","modified_gmt":"2023-06-26T05:49:02","slug":"kamisli-kirsalinda-arap-asiret-seyhlerinin-ileri-gelenleri-her-turlu-isgali-reddediyoruz-ve-suriye-ordusunu-destekliyoruz","status":"publish","type":"post","link":"https:\/\/archive.sana.sy\/tr\/?p=283179","title":{"rendered":"Kam\u0131\u015fl\u0131 K\u0131rsal\u0131ndaki Arap A\u015firet \u015eeyhlerinin \u0130leri Gelenleri: Her T\u00fcrl\u00fc \u0130\u015fgali Reddediyoruz Ve Suriye Ordusunu Destekliyoruz"},"content":{"rendered":"<p><strong>HASEKE<\/strong> \u2013 Kam\u0131\u015fl\u0131 k\u0131rsal\u0131ndaki Carmaz k\u00f6y\u00fcndeki Arap a\u015firetinin ileri gelenleri bug\u00fcn yapt\u0131klar\u0131 bir toplant\u0131da her t\u00fcrl\u00fc i\u015fgali reddettiklerini ve Suriye Arap Ordusuna desteklerini do\u011frulad\u0131lar.<\/p>\n<p><a href=\"https:\/\/t.me\/SuriyeArapHaberAjansI\">Telegram Kanal\u0131m\u0131z\u00a0<\/a><\/p>\n<p><a href=\"https:\/\/www.facebook.com\/SANAHaberAjansi\/\">Facebook Sayfam\u0131z<\/a><\/p>\n<p><a href=\"https:\/\/twitter.com\/arap_ajans\">Twitter Hesab\u0131m\u0131z<\/a><\/p>\n","protected":false},"excerpt":{"rendered":"<p>HASEKE \u2013 Kam\u0131\u015fl\u0131 k\u0131rsal\u0131ndaki Carmaz k\u00f6y\u00fcndeki Arap a\u015firetinin ileri gelenleri bug\u00fcn yapt\u0131klar\u0131 bir toplant\u0131da her t\u00fcrl\u00fc i\u015fgali reddettiklerini ve Suriye Arap Ordusuna desteklerini do\u011frulad\u0131lar. Telegram Kanal\u0131m\u0131z\u00a0 Facebook Sayfam\u0131z Twitter Hesab\u0131m\u0131z<\/p>\n","protected":false},"author":36,"featured_media":283180,"comment_status":"closed","ping_status":"closed","sticky":false,"template":"","format":"standard","meta":{"footnotes":""},"categories":[479,575,17988,478],"tags":[],"class_list":["post-283179","post","type-post","status-publish","format-standard","has-post-thumbnail","","category-haberler-yerel","category-olaylar-ve-gercekler","category-son-haberler","category-yerel"],"_links":{"self":[{"href":"https:\/\/archive.sana.sy\/tr\/index.php?rest_route=\/wp\/v2\/posts\/283179","targetHints":{"allow":["GET"]}}],"collection":[{"href":"https:\/\/archive.sana.sy\/tr\/index.php?rest_route=\/wp\/v2\/posts"}],"about":[{"href":"https:\/\/archive.sana.sy\/tr\/index.php?rest_route=\/wp\/v2\/types\/post"}],"author":[{"embeddable":true,"href":"https:\/\/archive.sana.sy\/tr\/index.php?rest_route=\/wp\/v2\/users\/36"}],"replies":[{"embeddable":true,"href":"https:\/\/archive.sana.sy\/tr\/index.php?rest_route=%2Fwp%2Fv2%2Fcomments&post=283179"}],"version-history":[{"count":3,"href":"https:\/\/archive.sana.sy\/tr\/index.php?rest_route=\/wp\/v2\/posts\/283179\/revisions"}],"predecessor-version":[{"id":283210,"href":"https:\/\/archive.sana.sy\/tr\/index.php?rest_route=\/wp\/v2\/posts\/283179\/revisions\/283210"}],"wp:featuredmedia":[{"embeddable":true,"href":"https:\/\/archive.sana.sy\/tr\/index.php?rest_route=\/wp\/v2\/media\/283180"}],"wp:attachment":[{"href":"https:\/\/archive.sana.sy\/tr\/index.php?rest_route=%2Fwp%2Fv2%2Fmedia&parent=283179"}],"wp:term":[{"taxonomy":"category","embeddable":true,"href":"https:\/\/archive.sana.sy\/tr\/index.php?rest_route=%2Fwp%2Fv2%2Fcategories&post=283179"},{"taxonomy":"post_tag","embeddable":true,"href":"https:\/\/archive.sana.sy\/tr\/index.php?rest_route=%2Fwp%2Fv2%2Ftags&post=283179"}],"curies":[{"name":"wp","href":"https:\/\/api.w.org\/{rel}","templated":true}]}}