{"id":283198,"date":"2023-06-25T15:13:41","date_gmt":"2023-06-25T12:13:41","guid":{"rendered":"https:\/\/sana.sy\/tr\/?p=283198"},"modified":"2023-06-26T08:49:13","modified_gmt":"2023-06-26T05:49:13","slug":"putin-rusya-kendi-operasyonunun-tum-hedeflerine-ulasacak","status":"publish","type":"post","link":"https:\/\/archive.sana.sy\/tr\/?p=283198","title":{"rendered":"Putin: Rusya Kendi Operasyonunun T\u00fcm Hedeflerine Ula\u015facak"},"content":{"rendered":"<p><strong>MOSKOVA<\/strong>&#8211; Rusya Devlet Ba\u015fkan\u0131 Vladimir Putin, Rusya&#8217;n\u0131n \u00f6zel askeri operasyonunun g\u00fcn boyunca yapt\u0131\u011f\u0131 \u00e7al\u0131\u015fmalar i\u00e7in en \u00f6nemli \u00f6ncelik oldu\u011funu do\u011frulad\u0131 ve Rusya&#8217;n\u0131n operasyonun t\u00fcm hedeflerine ula\u015faca\u011f\u0131na olan g\u00fcvenini dile getirdi.<\/p>\n<p>RIA Novosti&#8217;ye g\u00f6re Putin bug\u00fcn yapt\u0131\u011f\u0131 bas\u0131n a\u00e7\u0131klamas\u0131nda, &#8220;Askeri harekat\u0131n gereklerini kar\u015f\u0131lamak i\u00e7in silah \u00fcretiminin s\u0131kl\u0131\u011f\u0131n\u0131n ve hacminin art\u0131r\u0131lmas\u0131, vatanda\u015fa kar\u015f\u0131 sosyal y\u00fck\u00fcml\u00fcl\u00fckleri etkilememelidir.&#8221; dedi.<\/p>\n<p>Putin ayr\u0131ca, &#8220;Silah ve m\u00fchimmat\u0131n do\u011fru h\u0131zda, do\u011fru boyutta ve do\u011fru kalitede \u00fcretilmesi i\u00e7in her zaman finansal destek ar\u0131yoruz.&#8221; ifadelerini kullanarak, &#8220;Her \u015fey uyum i\u00e7inde gitmeli ve \u00fclkenin savunma kabiliyetlerini g\u00fc\u00e7lendirme \u00e7abalar\u0131m\u0131z en \u00f6nemli ve temel olan ekonomiye zarar vermemeli&#8221;\u00a0 a\u00e7\u0131klamada bulundu.<\/p>\n<p>R.M<\/p>\n<p><a href=\"https:\/\/t.me\/SuriyeArapHaberAjansI\">Telegram Kanal\u0131m\u0131z\u00a0<\/a><\/p>\n<p><a href=\"https:\/\/www.facebook.com\/SANAHaberAjansi\/\">Facebook Sayfam\u0131z<\/a><\/p>\n<p><a href=\"https:\/\/twitter.com\/arap_ajans\">Twitter Hesab\u0131m\u0131z<\/a><\/p>\n","protected":false},"excerpt":{"rendered":"<p>MOSKOVA&#8211; Rusya Devlet Ba\u015fkan\u0131 Vladimir Putin, Rusya&#8217;n\u0131n \u00f6zel askeri operasyonunun g\u00fcn boyunca yapt\u0131\u011f\u0131 \u00e7al\u0131\u015fmalar i\u00e7in en \u00f6nemli \u00f6ncelik oldu\u011funu do\u011frulad\u0131 ve Rusya&#8217;n\u0131n operasyonun t\u00fcm hedeflerine ula\u015faca\u011f\u0131na olan g\u00fcvenini dile getirdi. RIA Novosti&#8217;ye g\u00f6re Putin bug\u00fcn yapt\u0131\u011f\u0131 bas\u0131n a\u00e7\u0131klamas\u0131nda, &#8220;Askeri harekat\u0131n gereklerini kar\u015f\u0131lamak i\u00e7in silah \u00fcretiminin s\u0131kl\u0131\u011f\u0131n\u0131n ve hacminin art\u0131r\u0131lmas\u0131, vatanda\u015fa kar\u015f\u0131 sosyal y\u00fck\u00fcml\u00fcl\u00fckleri etkilememelidir.&#8221; dedi. &hellip;<\/p>\n","protected":false},"author":41,"featured_media":283199,"comment_status":"closed","ping_status":"closed","sticky":false,"template":"","format":"standard","meta":{"footnotes":""},"categories":[458,459,17988],"tags":[17036,38315,20230,16592,6041,38316],"class_list":["post-283198","post","type-post","status-publish","format-standard","has-post-thumbnail","","category-dunya1","category-haberler-arap-uluslararasi-politika","category-son-haberler","tag-moskova","tag-putin-rusya-kendi-operasyonunun-tum-hedeflerine-ulasacak","tag-ria-novosti","tag-rusya","tag-ukrayna","tag-usya-devlet-baskani-vladimir-putin"],"_links":{"self":[{"href":"https:\/\/archive.sana.sy\/tr\/index.php?rest_route=\/wp\/v2\/posts\/283198","targetHints":{"allow":["GET"]}}],"collection":[{"href":"https:\/\/archive.sana.sy\/tr\/index.php?rest_route=\/wp\/v2\/posts"}],"about":[{"href":"https:\/\/archive.sana.sy\/tr\/index.php?rest_route=\/wp\/v2\/types\/post"}],"author":[{"embeddable":true,"href":"https:\/\/archive.sana.sy\/tr\/index.php?rest_route=\/wp\/v2\/users\/41"}],"replies":[{"embeddable":true,"href":"https:\/\/archive.sana.sy\/tr\/index.php?rest_route=%2Fwp%2Fv2%2Fcomments&post=283198"}],"version-history":[{"count":1,"href":"https:\/\/archive.sana.sy\/tr\/index.php?rest_route=\/wp\/v2\/posts\/283198\/revisions"}],"predecessor-version":[{"id":283200,"href":"https:\/\/archive.sana.sy\/tr\/index.php?rest_route=\/wp\/v2\/posts\/283198\/revisions\/283200"}],"wp:featuredmedia":[{"embeddable":true,"href":"https:\/\/archive.sana.sy\/tr\/index.php?rest_route=\/wp\/v2\/media\/283199"}],"wp:attachment":[{"href":"https:\/\/archive.sana.sy\/tr\/index.php?rest_route=%2Fwp%2Fv2%2Fmedia&parent=283198"}],"wp:term":[{"taxonomy":"category","embeddable":true,"href":"https:\/\/archive.sana.sy\/tr\/index.php?rest_route=%2Fwp%2Fv2%2Fcategories&post=283198"},{"taxonomy":"post_tag","embeddable":true,"href":"https:\/\/archive.sana.sy\/tr\/index.php?rest_route=%2Fwp%2Fv2%2Ftags&post=283198"}],"curies":[{"name":"wp","href":"https:\/\/api.w.org\/{rel}","templated":true}]}}