{"id":283223,"date":"2023-06-25T10:58:24","date_gmt":"2023-06-25T07:58:24","guid":{"rendered":"https:\/\/sana.sy\/tr\/?p=283223"},"modified":"2023-06-26T10:58:48","modified_gmt":"2023-06-26T07:58:48","slug":"silahli-kuvvetlerimiz-rusya-hava-kuvvetleri-ile-isbirligi-icinde-idlib-kirsalindaki-teror-karargahini-imha-etti","status":"publish","type":"post","link":"https:\/\/archive.sana.sy\/tr\/?p=283223","title":{"rendered":"Silahl\u0131 Kuvvetlerimiz, Rusya Hava Kuvvetleri \u0130le \u0130\u015fbirli\u011fi \u0130\u00e7inde \u0130dlib K\u0131rsal\u0131ndaki Ter\u00f6r Karargah\u0131n\u0131 \u0130mha Etti"},"content":{"rendered":"<p><strong>Silahl\u0131 Kuvvetlerimiz, Rusya Hava Kuvvetleri <\/strong><strong>\u0130le <\/strong><strong>\u0130\u015fbirli\u011fi <\/strong><strong>\u0130\u00e7inde \u0130dlib K\u0131rsal\u0131ndaki Ter\u00f6r Karargah\u0131n\u0131 <\/strong><strong>\u0130mha Ett<\/strong><strong>i<\/strong><\/p>\n<p style=\"text-align: center;\"><iframe loading=\"lazy\" title=\"\u0642\u0648\u0627\u062a\u0646\u0627 \u0627\u0644\u0645\u0633\u0644\u062d\u0629 \u062a\u062f\u0645\u0631 \u0645\u0642\u0627\u0631 \u0644\u0644\u0625\u0631\u0647\u0627\u0628\u064a\u064a\u0646 \u0648\u0645\u0648\u0627\u0642\u0639 \u0644\u0625\u0637\u0644\u0627\u0642 \u0627\u0644\u0637\u0627\u0626\u0631\u0627\u062a \u0627\u0644\u0645\u0633\u064a\u0651\u0631\u0629 \u0628\u0631\u064a\u0641 \u0625\u062f\u0644\u0628\" src=\"https:\/\/www.youtube.com\/embed\/zp0llxN-tF4\" width=\"620\" height=\"348\" frameborder=\"0\" allowfullscreen=\"allowfullscreen\"><\/iframe><\/p>\n","protected":false},"excerpt":{"rendered":"<p>Silahl\u0131 Kuvvetlerimiz, Rusya Hava Kuvvetleri \u0130le \u0130\u015fbirli\u011fi \u0130\u00e7inde \u0130dlib K\u0131rsal\u0131ndaki Ter\u00f6r Karargah\u0131n\u0131 \u0130mha Etti<\/p>\n","protected":false},"author":39,"featured_media":283224,"comment_status":"closed","ping_status":"closed","sticky":false,"template":"","format":"standard","meta":{"footnotes":""},"categories":[18295],"tags":[],"class_list":["post-283223","post","type-post","status-publish","format-standard","has-post-thumbnail","","category-sana-video"],"_links":{"self":[{"href":"https:\/\/archive.sana.sy\/tr\/index.php?rest_route=\/wp\/v2\/posts\/283223","targetHints":{"allow":["GET"]}}],"collection":[{"href":"https:\/\/archive.sana.sy\/tr\/index.php?rest_route=\/wp\/v2\/posts"}],"about":[{"href":"https:\/\/archive.sana.sy\/tr\/index.php?rest_route=\/wp\/v2\/types\/post"}],"author":[{"embeddable":true,"href":"https:\/\/archive.sana.sy\/tr\/index.php?rest_route=\/wp\/v2\/users\/39"}],"replies":[{"embeddable":true,"href":"https:\/\/archive.sana.sy\/tr\/index.php?rest_route=%2Fwp%2Fv2%2Fcomments&post=283223"}],"version-history":[{"count":1,"href":"https:\/\/archive.sana.sy\/tr\/index.php?rest_route=\/wp\/v2\/posts\/283223\/revisions"}],"predecessor-version":[{"id":283225,"href":"https:\/\/archive.sana.sy\/tr\/index.php?rest_route=\/wp\/v2\/posts\/283223\/revisions\/283225"}],"wp:featuredmedia":[{"embeddable":true,"href":"https:\/\/archive.sana.sy\/tr\/index.php?rest_route=\/wp\/v2\/media\/283224"}],"wp:attachment":[{"href":"https:\/\/archive.sana.sy\/tr\/index.php?rest_route=%2Fwp%2Fv2%2Fmedia&parent=283223"}],"wp:term":[{"taxonomy":"category","embeddable":true,"href":"https:\/\/archive.sana.sy\/tr\/index.php?rest_route=%2Fwp%2Fv2%2Fcategories&post=283223"},{"taxonomy":"post_tag","embeddable":true,"href":"https:\/\/archive.sana.sy\/tr\/index.php?rest_route=%2Fwp%2Fv2%2Ftags&post=283223"}],"curies":[{"name":"wp","href":"https:\/\/api.w.org\/{rel}","templated":true}]}}