{"id":28330,"date":"2015-04-02T11:27:40","date_gmt":"2015-04-02T08:27:40","guid":{"rendered":"http:\/\/www.sana.sy\/tr\/?p=28330"},"modified":"2015-04-02T11:27:40","modified_gmt":"2015-04-02T08:27:40","slug":"lahham-parlamentolar-arasindaki-iletisim-ve-isbirligini-aktiflestirmek-gerekiyor","status":"publish","type":"post","link":"https:\/\/archive.sana.sy\/tr\/?p=28330","title":{"rendered":"Lahham: Parlamentolar Aras\u0131ndaki \u0130leti\u015fim ve \u0130\u015fbirli\u011fini Aktifle\u015ftirmek Gerekiyor"},"content":{"rendered":"<p>HANO\u0130 \u2013 Halk Meclisi Ba\u015fkan\u0131 Muhammed Cihat el Lahham, Vietnam\u2019\u0131n Hanoi Kentinde d\u00fczenlenen Uluslararas\u0131 Parlamentolar Birli\u011fi 132. Toplant\u0131s\u0131 bitiminde toplant\u0131ya kat\u0131lan kimi heyet ba\u015fkanlar\u0131yla bir araya gelerek parlamento ili\u015fkilerini aktifle\u015ftirme y\u00f6ntemleri ve Ortado\u011fu\u2019da yay\u0131lan uluslararas\u0131 ter\u00f6r\u00fcn d\u00fcnyadaki yans\u0131malar\u0131n\u0131 inceledi.<\/p>\n<p><a href=\"http:\/\/www.sana.sy\/tr\/wp-content\/uploads\/2015\/04\/Lahham.JPG-2.jpg\"><img loading=\"lazy\" decoding=\"async\" class=\" size-medium wp-image-28339 alignright\" src=\"http:\/\/www.sana.sy\/tr\/wp-content\/uploads\/2015\/04\/Lahham.JPG-2-300x208.jpg\" alt=\"???????????????????????????????\" width=\"300\" height=\"208\" srcset=\"https:\/\/archive.sana.sy\/tr\/wp-content\/uploads\/2015\/04\/Lahham.JPG-2-300x208.jpg 300w, https:\/\/archive.sana.sy\/tr\/wp-content\/uploads\/2015\/04\/Lahham.JPG-2-150x104.jpg 150w, https:\/\/archive.sana.sy\/tr\/wp-content\/uploads\/2015\/04\/Lahham.JPG-2.jpg 533w\" sizes=\"auto, (max-width: 300px) 100vw, 300px\" \/><\/a>Uruguay Senato Ba\u015fkan\u0131 Yard\u0131mc\u0131s\u0131 Evonne Bacada\u00a0 ile bir araya gelen Lahham, iki \u00fclke aras\u0131ndaki parlamento ili\u015fkilerini aktifle\u015ftirmenin \u00f6nemine i\u015faret ederek iki \u00fclke halk\u0131n\u0131n \u00e7\u0131karlar\u0131na hizmet edecek \u015fekilde ekonomik i\u015fbirli\u011fi ve yard\u0131mla\u015fma faaliyetlerinin yo\u011funla\u015ft\u0131r\u0131lmas\u0131 i\u00e7in \u00e7aba harcamak gerekti\u011fini belirtti.<\/p>\n<p>Vietnam Ulusal Meclisi Ba\u015fkan\u0131 Yard\u0131mc\u0131s\u0131 Tay Nguyen Kim Nyan ile iki \u00fclke aras\u0131ndaki ekonomik ve parlamento ili\u015fki a\u011f\u0131n\u0131 geni\u015fletme olanaklar\u0131n\u0131 inceleyen Lahham, Uluslararas\u0131 Parlamento Birli\u011fi Toplant\u0131s\u0131n\u0131n eksiksiz bir \u015fekilde organize edilerek y\u00f6netilmesi nedeniyle Vietnam Ulusal Meclisini takdir etti\u011fini vurgulad\u0131.<\/p>\n<p>G\u00f6r\u00fc\u015fmelerinde Suriye&#8217;de ya\u015fanan olaylara ili\u015fkin ayr\u0131nt\u0131l\u0131 anlat\u0131mlar sunan Lahham, b\u00fct\u00fcn heyetlere ve bu heyetlerin temsil etti\u011fi devletlere insanl\u0131k b\u00fcnyesinde g\u00fcnden g\u00fcne yay\u0131lmaya devam eden radikal-tekfirci kanserine kar\u015f\u0131 birlik ve beraberlik \u00e7a\u011fr\u0131s\u0131 yapt\u0131.<\/p>\n<p>F.B. &#8211; R.H.<\/p>\n","protected":false},"excerpt":{"rendered":"<p>HANO\u0130 \u2013 Halk Meclisi Ba\u015fkan\u0131 Muhammed Cihat el Lahham, Vietnam\u2019\u0131n Hanoi Kentinde d\u00fczenlenen Uluslararas\u0131 Parlamentolar Birli\u011fi 132. Toplant\u0131s\u0131 bitiminde toplant\u0131ya kat\u0131lan kimi heyet ba\u015fkanlar\u0131yla bir araya gelerek parlamento ili\u015fkilerini aktifle\u015ftirme y\u00f6ntemleri ve Ortado\u011fu\u2019da yay\u0131lan uluslararas\u0131 ter\u00f6r\u00fcn d\u00fcnyadaki yans\u0131malar\u0131n\u0131 inceledi. Uruguay Senato Ba\u015fkan\u0131 Yard\u0131mc\u0131s\u0131 Evonne Bacada\u00a0 ile bir araya gelen Lahham, iki \u00fclke aras\u0131ndaki parlamento ili\u015fkilerini &hellip;<\/p>\n","protected":false},"author":1,"featured_media":28340,"comment_status":"closed","ping_status":"closed","sticky":false,"template":"","format":"standard","meta":{"footnotes":""},"categories":[458,459,447],"tags":[13201,13202],"class_list":["post-28330","post","type-post","status-publish","format-standard","has-post-thumbnail","","category-dunya1","category-haberler-arap-uluslararasi-politika","category-politika","tag-lahham-parlamentolar-arasindaki-iletisim-ve-isbirligini-aktiflestirmek-gerekiyor-hanoi-halk-meclisi-baskani-muhammed-cihat-el-lahham","tag-vietnamin-hanoi-kentinde-duzenlenen-uluslararasi-parlamentolar-birligi-132-toplantisi-bitiminde-toplantiya-katilan-kimi-heyet-baskanlariyla-bir-araya-gelerek-parlamento-iliskilerini-aktifles"],"_links":{"self":[{"href":"https:\/\/archive.sana.sy\/tr\/index.php?rest_route=\/wp\/v2\/posts\/28330","targetHints":{"allow":["GET"]}}],"collection":[{"href":"https:\/\/archive.sana.sy\/tr\/index.php?rest_route=\/wp\/v2\/posts"}],"about":[{"href":"https:\/\/archive.sana.sy\/tr\/index.php?rest_route=\/wp\/v2\/types\/post"}],"author":[{"embeddable":true,"href":"https:\/\/archive.sana.sy\/tr\/index.php?rest_route=\/wp\/v2\/users\/1"}],"replies":[{"embeddable":true,"href":"https:\/\/archive.sana.sy\/tr\/index.php?rest_route=%2Fwp%2Fv2%2Fcomments&post=28330"}],"version-history":[{"count":0,"href":"https:\/\/archive.sana.sy\/tr\/index.php?rest_route=\/wp\/v2\/posts\/28330\/revisions"}],"wp:featuredmedia":[{"embeddable":true,"href":"https:\/\/archive.sana.sy\/tr\/index.php?rest_route=\/wp\/v2\/media\/28340"}],"wp:attachment":[{"href":"https:\/\/archive.sana.sy\/tr\/index.php?rest_route=%2Fwp%2Fv2%2Fmedia&parent=28330"}],"wp:term":[{"taxonomy":"category","embeddable":true,"href":"https:\/\/archive.sana.sy\/tr\/index.php?rest_route=%2Fwp%2Fv2%2Fcategories&post=28330"},{"taxonomy":"post_tag","embeddable":true,"href":"https:\/\/archive.sana.sy\/tr\/index.php?rest_route=%2Fwp%2Fv2%2Ftags&post=28330"}],"curies":[{"name":"wp","href":"https:\/\/api.w.org\/{rel}","templated":true}]}}