{"id":283373,"date":"2023-06-28T07:23:15","date_gmt":"2023-06-28T04:23:15","guid":{"rendered":"https:\/\/sana.sy\/tr\/?p=283373"},"modified":"2023-06-29T12:48:06","modified_gmt":"2023-06-29T09:48:06","slug":"ermenistan-saglik-ve-tip-alanlarinda-suriye-ile-isbirligine-hazir","status":"publish","type":"post","link":"https:\/\/archive.sana.sy\/tr\/?p=283373","title":{"rendered":"Ermenistan, Sa\u011fl\u0131k Ve T\u0131p Alanlar\u0131nda Suriye \u0130le \u0130\u015fbirli\u011fine Haz\u0131r"},"content":{"rendered":"<p><strong>ER\u0130VAN<\/strong>-Ermenistan Sa\u011fl\u0131k Bakan\u0131 Anahid Avanisyan, Suriye&#8217;nin Ermenistan B\u00fcy\u00fckel\u00e7isi Dr. Nura Arisyan ve \u00dc\u00e7\u00fcnc\u00fc Sekreter Ahmed El Azbe ile Suriye ve Ermenistan aras\u0131nda sa\u011fl\u0131k sekt\u00f6r\u00fcnde i\u015fbirli\u011fi yollar\u0131n\u0131 g\u00f6r\u00fc\u015ft\u00fc.<\/p>\n<p>Avanisyan, iki \u00fclke aras\u0131nda sa\u011fl\u0131k alan\u0131nda i\u015fbirli\u011finin \u00f6nemine vurgu yaparak, sa\u011fl\u0131k ve medikal sekt\u00f6r\u00fcnde her d\u00fczeyde i\u015fbirli\u011fine haz\u0131r oldu\u011funu ifade etti.<\/p>\n<p>Arissian ise Suriye&#8217;nin ya\u015fad\u0131\u011f\u0131 zorluklara, maruz kald\u0131\u011f\u0131 ter\u00f6r sava\u015f\u0131na ve ba\u015fta sa\u011fl\u0131k sekt\u00f6r\u00fc olmak \u00fczere t\u00fcm sekt\u00f6rleri etkileyen tek tarafl\u0131 ekonomik yapt\u0131r\u0131mlara ra\u011fmen elde etti\u011fi ba\u015far\u0131lara dikkat \u00e7ekti.<\/p>\n<p>R.M<\/p>\n<p><a href=\"https:\/\/t.me\/SuriyeArapHaberAjansI\">Telegram Kanal\u0131m\u0131z\u00a0<\/a><\/p>\n<p><a href=\"https:\/\/www.facebook.com\/SANAHaberAjansi\/\">Facebook Sayfam\u0131z<\/a><\/p>\n<p><a href=\"https:\/\/twitter.com\/arap_ajans\">Twitter Hesab\u0131m\u0131z<\/a><\/p>\n","protected":false},"excerpt":{"rendered":"<p>ER\u0130VAN-Ermenistan Sa\u011fl\u0131k Bakan\u0131 Anahid Avanisyan, Suriye&#8217;nin Ermenistan B\u00fcy\u00fckel\u00e7isi Dr. Nura Arisyan ve \u00dc\u00e7\u00fcnc\u00fc Sekreter Ahmed El Azbe ile Suriye ve Ermenistan aras\u0131nda sa\u011fl\u0131k sekt\u00f6r\u00fcnde i\u015fbirli\u011fi yollar\u0131n\u0131 g\u00f6r\u00fc\u015ft\u00fc. Avanisyan, iki \u00fclke aras\u0131nda sa\u011fl\u0131k alan\u0131nda i\u015fbirli\u011finin \u00f6nemine vurgu yaparak, sa\u011fl\u0131k ve medikal sekt\u00f6r\u00fcnde her d\u00fczeyde i\u015fbirli\u011fine haz\u0131r oldu\u011funu ifade etti. Arissian ise Suriye&#8217;nin ya\u015fad\u0131\u011f\u0131 zorluklara, maruz kald\u0131\u011f\u0131 &hellip;<\/p>\n","protected":false},"author":41,"featured_media":283374,"comment_status":"closed","ping_status":"closed","sticky":false,"template":"","format":"standard","meta":{"footnotes":""},"categories":[458,459,17988],"tags":[8826,38383,38280,38382],"class_list":["post-283373","post","type-post","status-publish","format-standard","has-post-thumbnail","","category-dunya1","category-haberler-arap-uluslararasi-politika","category-son-haberler","tag-ermenistan","tag-savasin-suriyenin-uzerindeki-etkileri","tag-suriye-ile-normallesme","tag-suriyeyi-destekleyen-ulkeler"],"_links":{"self":[{"href":"https:\/\/archive.sana.sy\/tr\/index.php?rest_route=\/wp\/v2\/posts\/283373","targetHints":{"allow":["GET"]}}],"collection":[{"href":"https:\/\/archive.sana.sy\/tr\/index.php?rest_route=\/wp\/v2\/posts"}],"about":[{"href":"https:\/\/archive.sana.sy\/tr\/index.php?rest_route=\/wp\/v2\/types\/post"}],"author":[{"embeddable":true,"href":"https:\/\/archive.sana.sy\/tr\/index.php?rest_route=\/wp\/v2\/users\/41"}],"replies":[{"embeddable":true,"href":"https:\/\/archive.sana.sy\/tr\/index.php?rest_route=%2Fwp%2Fv2%2Fcomments&post=283373"}],"version-history":[{"count":2,"href":"https:\/\/archive.sana.sy\/tr\/index.php?rest_route=\/wp\/v2\/posts\/283373\/revisions"}],"predecessor-version":[{"id":283376,"href":"https:\/\/archive.sana.sy\/tr\/index.php?rest_route=\/wp\/v2\/posts\/283373\/revisions\/283376"}],"wp:featuredmedia":[{"embeddable":true,"href":"https:\/\/archive.sana.sy\/tr\/index.php?rest_route=\/wp\/v2\/media\/283374"}],"wp:attachment":[{"href":"https:\/\/archive.sana.sy\/tr\/index.php?rest_route=%2Fwp%2Fv2%2Fmedia&parent=283373"}],"wp:term":[{"taxonomy":"category","embeddable":true,"href":"https:\/\/archive.sana.sy\/tr\/index.php?rest_route=%2Fwp%2Fv2%2Fcategories&post=283373"},{"taxonomy":"post_tag","embeddable":true,"href":"https:\/\/archive.sana.sy\/tr\/index.php?rest_route=%2Fwp%2Fv2%2Ftags&post=283373"}],"curies":[{"name":"wp","href":"https:\/\/api.w.org\/{rel}","templated":true}]}}