{"id":283377,"date":"2023-06-27T20:28:54","date_gmt":"2023-06-27T17:28:54","guid":{"rendered":"https:\/\/sana.sy\/tr\/?p=283377"},"modified":"2023-06-29T12:47:49","modified_gmt":"2023-06-29T09:47:49","slug":"suriye-ile-pakistan-arasinda-endustriyel-is-birligi-gorusmeleri","status":"publish","type":"post","link":"https:\/\/archive.sana.sy\/tr\/?p=283377","title":{"rendered":"Suriye \u0130le Pakistan Aras\u0131nda End\u00fcstriyel \u0130\u015f Birli\u011fi G\u00f6r\u00fc\u015fmeleri"},"content":{"rendered":"<p><strong>\u015eAM<\/strong> &#8211; \u015eam Sanayi Odas\u0131 ve k\u0131rsal\u0131 ba\u015fkan\u0131 Ghazvan El Masri, Pakistan \u0130slam Cumhuriyeti&#8217;nin Suriye Ola\u011fan\u00fcst\u00fc ve Tam Yetkili B\u00fcy\u00fckel\u00e7isi \u015eahid Ahtar ile Suriye ve Pakistan aras\u0131ndaki end\u00fcstriyel i\u015fbirli\u011fini art\u0131rman\u0131n ve geli\u015ftirmenin yollar\u0131n\u0131 g\u00f6r\u00fc\u015ft\u00fc.<\/p>\n<p>El Masri, bug\u00fcn Oda&#8217;n\u0131n \u015eam&#8217;daki merkezinde ger\u00e7ekle\u015fen g\u00f6r\u00fc\u015fmede, Oda&#8217;n\u0131n Pakistan taraf\u0131yla tam i\u015fbirli\u011fine haz\u0131r oldu\u011funu, i\u015fadamlar\u0131 ve sanayiciler aras\u0131ndaki ileti\u015fimi kolayla\u015ft\u0131rd\u0131\u011f\u0131n\u0131 ve ekonomik ili\u015fkilerin ilerlemesi i\u00e7in gereken her \u015feyi sa\u011flad\u0131\u011f\u0131n\u0131 teyit etti.<\/p>\n<p>B\u00fcy\u00fckel\u00e7i Ahter ise g\u00f6r\u00fc\u015fmenin amac\u0131n\u0131n iki \u00fclke aras\u0131nda s\u0131nai ve ticari i\u015fbirli\u011finin geli\u015ftirilmesi, ortakl\u0131klar ve ortak yat\u0131r\u0131mlar kurulmas\u0131na ili\u015fkin konular\u0131n g\u00f6r\u00fc\u015f\u00fclmesi oldu\u011funu a\u00e7\u0131klarken, \u00fclkesinin ila\u00e7, t\u0131bbi malzeme ve di\u015f\u00e7ilik dahil cerrahi aletlerin yan\u0131 s\u0131ra tar\u0131m aletleri, te\u00e7hizat\u0131, a\u011f\u0131r makineler, spor malzemeleri ve di\u011ferlerinin imalat\u0131nda kaydetti\u011fi ilerlemeden yararlanma olas\u0131l\u0131\u011f\u0131na i\u015faret etti.<\/p>\n<p>B\u00fcy\u00fckel\u00e7i Ahter ise, ekonomik toplant\u0131lar\u0131n yo\u011funla\u015ft\u0131r\u0131lmas\u0131, iki taraf aras\u0131nda kar\u015f\u0131l\u0131kl\u0131 ziyaretler ve iki \u00fclkenin \u00fcr\u00fcnlerini tan\u0131ma f\u0131rsat\u0131 sa\u011flayan ortak sergiler d\u00fczenlenmesi \u00e7a\u011fr\u0131s\u0131nda bulundu.<\/p>\n<div id='gallery-1' class='gallery galleryid-283377 gallery-columns-1 gallery-size-full'><figure class='gallery-item'>\n\t\t\t<div class='gallery-icon landscape'>\n\t\t\t\t<a href='https:\/\/archive.sana.sy\/tr\/?attachment_id=283379'><img loading=\"lazy\" decoding=\"async\" width=\"660\" height=\"446\" src=\"https:\/\/archive.sana.sy\/tr\/wp-content\/uploads\/2023\/06\/photo_2023-06-27_19-58-49-copy.jpg\" class=\"attachment-full size-full\" alt=\"\" srcset=\"https:\/\/archive.sana.sy\/tr\/wp-content\/uploads\/2023\/06\/photo_2023-06-27_19-58-49-copy.jpg 660w, https:\/\/archive.sana.sy\/tr\/wp-content\/uploads\/2023\/06\/photo_2023-06-27_19-58-49-copy-300x203.jpg 300w, https:\/\/archive.sana.sy\/tr\/wp-content\/uploads\/2023\/06\/photo_2023-06-27_19-58-49-copy-110x75.jpg 110w\" sizes=\"auto, (max-width: 660px) 100vw, 660px\" \/><\/a>\n\t\t\t<\/div><\/figure>\n\t\t<\/div>\n\n<p>R.M<\/p>\n<p><a href=\"https:\/\/t.me\/SuriyeArapHaberAjansI\">Telegram Kanal\u0131m\u0131z\u00a0<\/a><\/p>\n<p><a href=\"https:\/\/www.facebook.com\/SANAHaberAjansi\/\">Facebook Sayfam\u0131z<\/a><\/p>\n<p><a href=\"https:\/\/twitter.com\/arap_ajans\">Twitter Hesab\u0131m\u0131z<\/a><\/p>\n","protected":false},"excerpt":{"rendered":"<p>\u015eAM &#8211; \u015eam Sanayi Odas\u0131 ve k\u0131rsal\u0131 ba\u015fkan\u0131 Ghazvan El Masri, Pakistan \u0130slam Cumhuriyeti&#8217;nin Suriye Ola\u011fan\u00fcst\u00fc ve Tam Yetkili B\u00fcy\u00fckel\u00e7isi \u015eahid Ahtar ile Suriye ve Pakistan aras\u0131ndaki end\u00fcstriyel i\u015fbirli\u011fini art\u0131rman\u0131n ve geli\u015ftirmenin yollar\u0131n\u0131 g\u00f6r\u00fc\u015ft\u00fc. El Masri, bug\u00fcn Oda&#8217;n\u0131n \u015eam&#8217;daki merkezinde ger\u00e7ekle\u015fen g\u00f6r\u00fc\u015fmede, Oda&#8217;n\u0131n Pakistan taraf\u0131yla tam i\u015fbirli\u011fine haz\u0131r oldu\u011funu, i\u015fadamlar\u0131 ve sanayiciler aras\u0131ndaki ileti\u015fimi kolayla\u015ft\u0131rd\u0131\u011f\u0131n\u0131 &hellip;<\/p>\n","protected":false},"author":41,"featured_media":283378,"comment_status":"closed","ping_status":"closed","sticky":false,"template":"","format":"standard","meta":{"footnotes":""},"categories":[485,486,479,17988,478],"tags":[38379,38381,38378,38380,19043,22182],"class_list":["post-283377","post","type-post","status-publish","format-standard","has-post-thumbnail","","category-is-ve-sermaye","category-haberler-is-ve-sermaye","category-haberler-yerel","category-son-haberler","category-yerel","tag-r-m-telegram-kanalimiz-facebook-sayfamiz-twitter-hesabimiz","tag-savastan-sonra-suriyenin-dunyanin-ulkeleriyle-iliskileri","tag-suriye-ve-pakistan-iliskileri","tag-suriyede-ne-oluyor","tag-suriyede-son-durum","tag-suriyede-savas"],"_links":{"self":[{"href":"https:\/\/archive.sana.sy\/tr\/index.php?rest_route=\/wp\/v2\/posts\/283377","targetHints":{"allow":["GET"]}}],"collection":[{"href":"https:\/\/archive.sana.sy\/tr\/index.php?rest_route=\/wp\/v2\/posts"}],"about":[{"href":"https:\/\/archive.sana.sy\/tr\/index.php?rest_route=\/wp\/v2\/types\/post"}],"author":[{"embeddable":true,"href":"https:\/\/archive.sana.sy\/tr\/index.php?rest_route=\/wp\/v2\/users\/41"}],"replies":[{"embeddable":true,"href":"https:\/\/archive.sana.sy\/tr\/index.php?rest_route=%2Fwp%2Fv2%2Fcomments&post=283377"}],"version-history":[{"count":1,"href":"https:\/\/archive.sana.sy\/tr\/index.php?rest_route=\/wp\/v2\/posts\/283377\/revisions"}],"predecessor-version":[{"id":283380,"href":"https:\/\/archive.sana.sy\/tr\/index.php?rest_route=\/wp\/v2\/posts\/283377\/revisions\/283380"}],"wp:featuredmedia":[{"embeddable":true,"href":"https:\/\/archive.sana.sy\/tr\/index.php?rest_route=\/wp\/v2\/media\/283378"}],"wp:attachment":[{"href":"https:\/\/archive.sana.sy\/tr\/index.php?rest_route=%2Fwp%2Fv2%2Fmedia&parent=283377"}],"wp:term":[{"taxonomy":"category","embeddable":true,"href":"https:\/\/archive.sana.sy\/tr\/index.php?rest_route=%2Fwp%2Fv2%2Fcategories&post=283377"},{"taxonomy":"post_tag","embeddable":true,"href":"https:\/\/archive.sana.sy\/tr\/index.php?rest_route=%2Fwp%2Fv2%2Ftags&post=283377"}],"curies":[{"name":"wp","href":"https:\/\/api.w.org\/{rel}","templated":true}]}}