{"id":283422,"date":"2023-06-28T07:30:58","date_gmt":"2023-06-28T04:30:58","guid":{"rendered":"https:\/\/sana.sy\/tr\/?p=283422"},"modified":"2023-07-01T08:22:35","modified_gmt":"2023-07-01T05:22:35","slug":"cumhurbaskani-esad-suriye-arap-ordumuzun-kahramanlarini-mubarek-kurban-bayrami-munasebetiyle-tebrik-etti-2","status":"publish","type":"post","link":"https:\/\/archive.sana.sy\/tr\/?p=283422","title":{"rendered":"Cumhurba\u015fkan\u0131 Esad, Suriye Arap Ordumuzun Kahramanlar\u0131n\u0131 M\u00fcbarek Kurban Bayram\u0131 M\u00fcnasebetiyle Tebrik Etti"},"content":{"rendered":"<p><strong>\u015eAM<\/strong> \u2013 Ordu ve Silahl\u0131 Kuvvetler Ba\u015fkomutan\u0131 Cumhurba\u015fkan\u0131 Korgeneral Be\u015f\u015far Esad, Suriye Arap Ordumuzu, onurlu subaylar\u0131m\u0131z, astsubaylar\u0131m\u0131z, bireylerimizi ve memurlar\u0131m\u0131z\u0131 m\u00fcbarek Kurban Bayram\u0131 vesilesiyle y\u00fcrekten tebrik etti.<\/p>\n<p>Cumhurba\u015fkan\u0131 Esad, kendilerine, onurlu ailelerine ve gururlu halk\u0131m\u0131z\u0131n o\u011fullar\u0131na sa\u011fl\u0131k, esenlik, g\u00fcvenlik ve bar\u0131\u015f\u0131n\u0131n devam\u0131n\u0131 diledi. Cumhurba\u015fkan\u0131 Esad, y\u00fcce Allah\u2019tan bu vesileyle \u00fclkemizi ter\u00f6r\u00fcn ve onun destek\u00e7ilerinin, i\u015fgalin ve \u00e7etelerinin menfur \u015ferrinden kurtulmas\u0131na, sa\u011fl\u0131\u011f\u0131na, \u015fan\u0131na ve b\u00f6lgedeki mukaddes konumuna yeniden kavu\u015fmas\u0131n\u0131 ve salih \u015fehitlerimizin O\u2019nun engin rahmeti ile sar\u0131lmas\u0131n\u0131 ve yaral\u0131lar\u0131m\u0131z\u0131 iyile\u015ftirmesini diledi.<\/p>\n<p>R.M<\/p>\n<p><a href=\"https:\/\/t.me\/SuriyeArapHaberAjansI\">Telegram Kanal\u0131m\u0131z\u00a0<\/a><\/p>\n<p><a href=\"https:\/\/www.facebook.com\/SANAHaberAjansi\/\">Facebook Sayfam\u0131z<\/a><\/p>\n<p><a href=\"https:\/\/twitter.com\/arap_ajans\">Twitter Hesab\u0131m\u0131z<\/a><\/p>\n","protected":false},"excerpt":{"rendered":"<p>\u015eAM \u2013 Ordu ve Silahl\u0131 Kuvvetler Ba\u015fkomutan\u0131 Cumhurba\u015fkan\u0131 Korgeneral Be\u015f\u015far Esad, Suriye Arap Ordumuzu, onurlu subaylar\u0131m\u0131z, astsubaylar\u0131m\u0131z, bireylerimizi ve memurlar\u0131m\u0131z\u0131 m\u00fcbarek Kurban Bayram\u0131 vesilesiyle y\u00fcrekten tebrik etti. Cumhurba\u015fkan\u0131 Esad, kendilerine, onurlu ailelerine ve gururlu halk\u0131m\u0131z\u0131n o\u011fullar\u0131na sa\u011fl\u0131k, esenlik, g\u00fcvenlik ve bar\u0131\u015f\u0131n\u0131n devam\u0131n\u0131 diledi. Cumhurba\u015fkan\u0131 Esad, y\u00fcce Allah\u2019tan bu vesileyle \u00fclkemizi ter\u00f6r\u00fcn ve onun destek\u00e7ilerinin, i\u015fgalin &hellip;<\/p>\n","protected":false},"author":41,"featured_media":283423,"comment_status":"closed","ping_status":"closed","sticky":false,"template":"","format":"standard","meta":{"footnotes":""},"categories":[606,605,17988],"tags":[38389,26872,11549],"class_list":["post-283422","post","type-post","status-publish","format-standard","has-post-thumbnail","","category-cumhurbaskani","category-sayin-cumhurbaskani","category-son-haberler","tag-ordu-ve-silahli-kuvvetler-baskomutani-cumhurbaskani-korgeneral-bessar-esad","tag-suriye-arap-ordusu","tag-suriye-ordusu"],"_links":{"self":[{"href":"https:\/\/archive.sana.sy\/tr\/index.php?rest_route=\/wp\/v2\/posts\/283422","targetHints":{"allow":["GET"]}}],"collection":[{"href":"https:\/\/archive.sana.sy\/tr\/index.php?rest_route=\/wp\/v2\/posts"}],"about":[{"href":"https:\/\/archive.sana.sy\/tr\/index.php?rest_route=\/wp\/v2\/types\/post"}],"author":[{"embeddable":true,"href":"https:\/\/archive.sana.sy\/tr\/index.php?rest_route=\/wp\/v2\/users\/41"}],"replies":[{"embeddable":true,"href":"https:\/\/archive.sana.sy\/tr\/index.php?rest_route=%2Fwp%2Fv2%2Fcomments&post=283422"}],"version-history":[{"count":1,"href":"https:\/\/archive.sana.sy\/tr\/index.php?rest_route=\/wp\/v2\/posts\/283422\/revisions"}],"predecessor-version":[{"id":283424,"href":"https:\/\/archive.sana.sy\/tr\/index.php?rest_route=\/wp\/v2\/posts\/283422\/revisions\/283424"}],"wp:featuredmedia":[{"embeddable":true,"href":"https:\/\/archive.sana.sy\/tr\/index.php?rest_route=\/wp\/v2\/media\/283423"}],"wp:attachment":[{"href":"https:\/\/archive.sana.sy\/tr\/index.php?rest_route=%2Fwp%2Fv2%2Fmedia&parent=283422"}],"wp:term":[{"taxonomy":"category","embeddable":true,"href":"https:\/\/archive.sana.sy\/tr\/index.php?rest_route=%2Fwp%2Fv2%2Fcategories&post=283422"},{"taxonomy":"post_tag","embeddable":true,"href":"https:\/\/archive.sana.sy\/tr\/index.php?rest_route=%2Fwp%2Fv2%2Ftags&post=283422"}],"curies":[{"name":"wp","href":"https:\/\/api.w.org\/{rel}","templated":true}]}}