{"id":283731,"date":"2023-07-04T14:06:12","date_gmt":"2023-07-04T11:06:12","guid":{"rendered":"https:\/\/sana.sy\/tr\/?p=283731"},"modified":"2023-07-05T14:02:46","modified_gmt":"2023-07-05T11:02:46","slug":"halep-kirsalina-duzenlenen-fuzeli-teror-saldirisi-sonucu-4-sivil-sehit-dustu","status":"publish","type":"post","link":"https:\/\/archive.sana.sy\/tr\/?p=283731","title":{"rendered":"Halep k\u0131rsal\u0131ndaki Urem El K\u00fcbra Kasabas\u0131na Ter\u00f6r Sald\u0131r\u0131s\u0131 Sonucu 4 \u015eehit D\u00fc\u015ft\u00fc"},"content":{"rendered":"<p><strong>HALEP<\/strong> \u2013 Halep&#8217;in g\u00fcneybat\u0131 k\u0131rsal\u0131ndaki Urem El K\u00fcbra kasabas\u0131na d\u00fczenlenen ter\u00f6r f\u00fcze sald\u0131r\u0131s\u0131nda bir anne ve iki \u00e7ocuk da dahil olmak \u00fczere 4 ki\u015fi \u015fehit d\u00fc\u015ft\u00fc.<\/p>\n<p>SANA muhabiri, Urem El K\u00fcbra Kasabas\u0131nda konu\u015flu ter\u00f6r \u00f6rg\u00fctlerinin bu sabah Urem El K\u00fcbra kasabas\u0131ndaki Tadil k\u00f6y\u00fcne f\u00fczelerle sald\u0131rd\u0131\u011f\u0131n\u0131 belirtieken, bir anne, iki \u00e7ocu\u011funu ve amcalar\u0131n\u0131 olmak \u00fczere 4 ki\u015fi \u015fehit d\u00fc\u015fd\u00fc\u011f\u00fcn\u00fc ve ki\u015fi de yaraland\u0131\u011f\u0131na i\u015faret etti.<\/p>\n<p>Muhabir ayr\u0131ca, Ter\u00f6r sald\u0131r\u0131lar\u0131n sonucunda, evlerde ve m\u00fclklerde maddi hasarlara yol a\u00e7t\u0131\u011f\u0131na dikkat \u00e7ekti.<\/p>\n<div id='gallery-1' class='gallery galleryid-283731 gallery-columns-1 gallery-size-full'><figure class='gallery-item'>\n\t\t\t<div class='gallery-icon landscape'>\n\t\t\t\t<a href='https:\/\/archive.sana.sy\/tr\/wp-content\/uploads\/2023\/07\/photo_2023-07-04_10-32-59.jpg'><img loading=\"lazy\" decoding=\"async\" width=\"660\" height=\"372\" src=\"https:\/\/archive.sana.sy\/tr\/wp-content\/uploads\/2023\/07\/photo_2023-07-04_10-32-59.jpg\" class=\"attachment-full size-full\" alt=\"\" srcset=\"https:\/\/archive.sana.sy\/tr\/wp-content\/uploads\/2023\/07\/photo_2023-07-04_10-32-59.jpg 660w, https:\/\/archive.sana.sy\/tr\/wp-content\/uploads\/2023\/07\/photo_2023-07-04_10-32-59-300x169.jpg 300w\" sizes=\"auto, (max-width: 660px) 100vw, 660px\" \/><\/a>\n\t\t\t<\/div><\/figure><figure class='gallery-item'>\n\t\t\t<div class='gallery-icon landscape'>\n\t\t\t\t<a href='https:\/\/archive.sana.sy\/tr\/wp-content\/uploads\/2023\/07\/photo_2023-07-04_10-33-03.jpg'><img loading=\"lazy\" decoding=\"async\" width=\"660\" height=\"338\" src=\"https:\/\/archive.sana.sy\/tr\/wp-content\/uploads\/2023\/07\/photo_2023-07-04_10-33-03.jpg\" class=\"attachment-full size-full\" alt=\"\" srcset=\"https:\/\/archive.sana.sy\/tr\/wp-content\/uploads\/2023\/07\/photo_2023-07-04_10-33-03.jpg 660w, https:\/\/archive.sana.sy\/tr\/wp-content\/uploads\/2023\/07\/photo_2023-07-04_10-33-03-300x154.jpg 300w\" sizes=\"auto, (max-width: 660px) 100vw, 660px\" \/><\/a>\n\t\t\t<\/div><\/figure><figure class='gallery-item'>\n\t\t\t<div class='gallery-icon landscape'>\n\t\t\t\t<a href='https:\/\/archive.sana.sy\/tr\/wp-content\/uploads\/2023\/07\/photo_2023-07-04_10-33-12.jpg'><img loading=\"lazy\" decoding=\"async\" width=\"660\" height=\"300\" src=\"https:\/\/archive.sana.sy\/tr\/wp-content\/uploads\/2023\/07\/photo_2023-07-04_10-33-12.jpg\" class=\"attachment-full size-full\" alt=\"\" srcset=\"https:\/\/archive.sana.sy\/tr\/wp-content\/uploads\/2023\/07\/photo_2023-07-04_10-33-12.jpg 660w, https:\/\/archive.sana.sy\/tr\/wp-content\/uploads\/2023\/07\/photo_2023-07-04_10-33-12-300x136.jpg 300w\" sizes=\"auto, (max-width: 660px) 100vw, 660px\" \/><\/a>\n\t\t\t<\/div><\/figure><figure class='gallery-item'>\n\t\t\t<div class='gallery-icon landscape'>\n\t\t\t\t<a href='https:\/\/archive.sana.sy\/tr\/wp-content\/uploads\/2023\/07\/photo_2023-07-04_10-33-15.jpg'><img loading=\"lazy\" decoding=\"async\" width=\"660\" height=\"297\" src=\"https:\/\/archive.sana.sy\/tr\/wp-content\/uploads\/2023\/07\/photo_2023-07-04_10-33-15.jpg\" class=\"attachment-full size-full\" alt=\"\" srcset=\"https:\/\/archive.sana.sy\/tr\/wp-content\/uploads\/2023\/07\/photo_2023-07-04_10-33-15.jpg 660w, https:\/\/archive.sana.sy\/tr\/wp-content\/uploads\/2023\/07\/photo_2023-07-04_10-33-15-300x135.jpg 300w\" sizes=\"auto, (max-width: 660px) 100vw, 660px\" \/><\/a>\n\t\t\t<\/div><\/figure>\n\t\t<\/div>\n\n<p><a href=\"https:\/\/t.me\/SuriyeArapHaberAjansI\">Telegram Kanal\u0131m\u0131z\u00a0<\/a><\/p>\n<p><a href=\"https:\/\/www.facebook.com\/SANAHaberAjansi\/\">Facebook Sayfam\u0131z<\/a><\/p>\n<p><a href=\"https:\/\/twitter.com\/arap_ajans\">Twitter Hesab\u0131m\u0131z<\/a><\/p>\n","protected":false},"excerpt":{"rendered":"<p>HALEP \u2013 Halep&#8217;in g\u00fcneybat\u0131 k\u0131rsal\u0131ndaki Urem El K\u00fcbra kasabas\u0131na d\u00fczenlenen ter\u00f6r f\u00fcze sald\u0131r\u0131s\u0131nda bir anne ve iki \u00e7ocuk da dahil olmak \u00fczere 4 ki\u015fi \u015fehit d\u00fc\u015ft\u00fc. SANA muhabiri, Urem El K\u00fcbra Kasabas\u0131nda konu\u015flu ter\u00f6r \u00f6rg\u00fctlerinin bu sabah Urem El K\u00fcbra kasabas\u0131ndaki Tadil k\u00f6y\u00fcne f\u00fczelerle sald\u0131rd\u0131\u011f\u0131n\u0131 belirtieken, bir anne, iki \u00e7ocu\u011funu ve amcalar\u0131n\u0131 olmak \u00fczere 4 &hellip;<\/p>\n","protected":false},"author":39,"featured_media":283732,"comment_status":"closed","ping_status":"closed","sticky":false,"template":"","format":"standard","meta":{"footnotes":""},"categories":[479,575,17988,478],"tags":[1132,19043,22182,38486],"class_list":["post-283731","post","type-post","status-publish","format-standard","has-post-thumbnail","","category-haberler-yerel","category-olaylar-ve-gercekler","category-son-haberler","category-yerel","tag-halep","tag-suriyede-son-durum","tag-suriyede-savas","tag-urem-el-kubra-kasabasi"],"_links":{"self":[{"href":"https:\/\/archive.sana.sy\/tr\/index.php?rest_route=\/wp\/v2\/posts\/283731","targetHints":{"allow":["GET"]}}],"collection":[{"href":"https:\/\/archive.sana.sy\/tr\/index.php?rest_route=\/wp\/v2\/posts"}],"about":[{"href":"https:\/\/archive.sana.sy\/tr\/index.php?rest_route=\/wp\/v2\/types\/post"}],"author":[{"embeddable":true,"href":"https:\/\/archive.sana.sy\/tr\/index.php?rest_route=\/wp\/v2\/users\/39"}],"replies":[{"embeddable":true,"href":"https:\/\/archive.sana.sy\/tr\/index.php?rest_route=%2Fwp%2Fv2%2Fcomments&post=283731"}],"version-history":[{"count":8,"href":"https:\/\/archive.sana.sy\/tr\/index.php?rest_route=\/wp\/v2\/posts\/283731\/revisions"}],"predecessor-version":[{"id":283768,"href":"https:\/\/archive.sana.sy\/tr\/index.php?rest_route=\/wp\/v2\/posts\/283731\/revisions\/283768"}],"wp:featuredmedia":[{"embeddable":true,"href":"https:\/\/archive.sana.sy\/tr\/index.php?rest_route=\/wp\/v2\/media\/283732"}],"wp:attachment":[{"href":"https:\/\/archive.sana.sy\/tr\/index.php?rest_route=%2Fwp%2Fv2%2Fmedia&parent=283731"}],"wp:term":[{"taxonomy":"category","embeddable":true,"href":"https:\/\/archive.sana.sy\/tr\/index.php?rest_route=%2Fwp%2Fv2%2Fcategories&post=283731"},{"taxonomy":"post_tag","embeddable":true,"href":"https:\/\/archive.sana.sy\/tr\/index.php?rest_route=%2Fwp%2Fv2%2Ftags&post=283731"}],"curies":[{"name":"wp","href":"https:\/\/api.w.org\/{rel}","templated":true}]}}