{"id":283752,"date":"2023-07-04T15:46:08","date_gmt":"2023-07-04T12:46:08","guid":{"rendered":"https:\/\/sana.sy\/tr\/?p=283752"},"modified":"2023-07-04T15:46:08","modified_gmt":"2023-07-04T12:46:08","slug":"tel-avivde-kahramanca-bir-operasyon-gerceklestiren-filistinli-sehit-oldu","status":"publish","type":"post","link":"https:\/\/archive.sana.sy\/tr\/?p=283752","title":{"rendered":"(Tel Aviv)&#8217;de Kahramanca Bir Operasyon Ger\u00e7ekle\u015ftiren Filistinli \u015eehit Oldu"},"content":{"rendered":"<p><strong>\u0130\u015eGAL ED\u0130LEN KUD\u00dcS<\/strong> &#8211; Bug\u00fcn, \u201cTel Aviv\u201dde 10 yerle\u015fimcinin yaralanmas\u0131yla sonu\u00e7lanan kahramanca bir operasyon ger\u00e7ekle\u015ftiren \u0130srail i\u015fgal g\u00fc\u00e7leri taraf\u0131ndan bir Filistinli \u00f6ld\u00fcr\u00fcld\u00fc. Bu da, \u0130srail i\u015fgalinin, en sonuncusu Cenin \u015fehrine ve Bat\u0131 \u015eeria&#8217;daki m\u00fclteci kamp\u0131na y\u00f6nelik sald\u0131rganl\u0131\u011f\u0131 olmak \u00fczere, aral\u0131ks\u0131z i\u015fledi\u011fi su\u00e7lara bir yan\u0131t olarak geldi.<\/p>\n<p>Filistin medyas\u0131, Filistinli bir direni\u015f sava\u015f\u00e7\u0131s\u0131n\u0131n \u201cTel Aviv\u201dde bir yerle\u015fimci toplanmas\u0131n\u0131 ezip onlara ate\u015f a\u00e7t\u0131\u011f\u0131n\u0131 ve bir yerle\u015fimci taraf\u0131ndan vurularak \u00f6ld\u00fcr\u00fclmeden \u00f6nce 4&#8217;\u00fc a\u011f\u0131r olmak \u00fczere 10 yerle\u015fimciyi yaralad\u0131\u011f\u0131n\u0131 bildirdi.<\/p>\n<p>R.M<\/p>\n<p><a href=\"https:\/\/t.me\/SuriyeArapHaberAjansI\">Telegram Kanal\u0131m\u0131z\u00a0<\/a><\/p>\n<p><a href=\"https:\/\/www.facebook.com\/SANAHaberAjansi\/\">Facebook Sayfam\u0131z<\/a><\/p>\n<p><a href=\"https:\/\/twitter.com\/arap_ajans\">Twitter Hesab\u0131m\u0131z<\/a><\/p>\n","protected":false},"excerpt":{"rendered":"<p>\u0130\u015eGAL ED\u0130LEN KUD\u00dcS &#8211; Bug\u00fcn, \u201cTel Aviv\u201dde 10 yerle\u015fimcinin yaralanmas\u0131yla sonu\u00e7lanan kahramanca bir operasyon ger\u00e7ekle\u015ftiren \u0130srail i\u015fgal g\u00fc\u00e7leri taraf\u0131ndan bir Filistinli \u00f6ld\u00fcr\u00fcld\u00fc. Bu da, \u0130srail i\u015fgalinin, en sonuncusu Cenin \u015fehrine ve Bat\u0131 \u015eeria&#8217;daki m\u00fclteci kamp\u0131na y\u00f6nelik sald\u0131rganl\u0131\u011f\u0131 olmak \u00fczere, aral\u0131ks\u0131z i\u015fledi\u011fi su\u00e7lara bir yan\u0131t olarak geldi. Filistin medyas\u0131, Filistinli bir direni\u015f sava\u015f\u00e7\u0131s\u0131n\u0131n \u201cTel Aviv\u201dde bir &hellip;<\/p>\n","protected":false},"author":41,"featured_media":283753,"comment_status":"closed","ping_status":"closed","sticky":false,"template":"","format":"standard","meta":{"footnotes":""},"categories":[458,459,511,17988],"tags":[38473,29477,6737,38474,5614,10261,38475],"class_list":["post-283752","post","type-post","status-publish","format-standard","has-post-thumbnail","","category-dunya1","category-haberler-arap-uluslararasi-politika","category-kultur-ve-sanat","category-son-haberler","tag-tel-avivde-kahramanca-bir-operasyon-gerceklestiren-filistinli-sehit-oldu","tag-esirler","tag-filistin","tag-filistinler","tag-israil","tag-kudus","tag-tel-aviv"],"_links":{"self":[{"href":"https:\/\/archive.sana.sy\/tr\/index.php?rest_route=\/wp\/v2\/posts\/283752","targetHints":{"allow":["GET"]}}],"collection":[{"href":"https:\/\/archive.sana.sy\/tr\/index.php?rest_route=\/wp\/v2\/posts"}],"about":[{"href":"https:\/\/archive.sana.sy\/tr\/index.php?rest_route=\/wp\/v2\/types\/post"}],"author":[{"embeddable":true,"href":"https:\/\/archive.sana.sy\/tr\/index.php?rest_route=\/wp\/v2\/users\/41"}],"replies":[{"embeddable":true,"href":"https:\/\/archive.sana.sy\/tr\/index.php?rest_route=%2Fwp%2Fv2%2Fcomments&post=283752"}],"version-history":[{"count":1,"href":"https:\/\/archive.sana.sy\/tr\/index.php?rest_route=\/wp\/v2\/posts\/283752\/revisions"}],"predecessor-version":[{"id":283754,"href":"https:\/\/archive.sana.sy\/tr\/index.php?rest_route=\/wp\/v2\/posts\/283752\/revisions\/283754"}],"wp:featuredmedia":[{"embeddable":true,"href":"https:\/\/archive.sana.sy\/tr\/index.php?rest_route=\/wp\/v2\/media\/283753"}],"wp:attachment":[{"href":"https:\/\/archive.sana.sy\/tr\/index.php?rest_route=%2Fwp%2Fv2%2Fmedia&parent=283752"}],"wp:term":[{"taxonomy":"category","embeddable":true,"href":"https:\/\/archive.sana.sy\/tr\/index.php?rest_route=%2Fwp%2Fv2%2Fcategories&post=283752"},{"taxonomy":"post_tag","embeddable":true,"href":"https:\/\/archive.sana.sy\/tr\/index.php?rest_route=%2Fwp%2Fv2%2Ftags&post=283752"}],"curies":[{"name":"wp","href":"https:\/\/api.w.org\/{rel}","templated":true}]}}