{"id":283763,"date":"2023-07-04T14:37:30","date_gmt":"2023-07-04T11:37:30","guid":{"rendered":"https:\/\/sana.sy\/tr\/?p=283763"},"modified":"2023-07-05T10:05:49","modified_gmt":"2023-07-05T07:05:49","slug":"el-baas-universitesi-ile-kapasite-gelistirme-ve-istihdam-akademisi-leipzig-arasinda-bilimsel-isbirligi-anlasmasi","status":"publish","type":"post","link":"https:\/\/archive.sana.sy\/tr\/?p=283763","title":{"rendered":"El Baas \u00dcniversitesi \u0130le Kapasite Geli\u015ftirme Ve \u0130stihdam Akademisi (Leipzig) Aras\u0131nda Bilimsel \u0130\u015fbirli\u011fi Anla\u015fmas\u0131"},"content":{"rendered":"<p><strong>HOMS<\/strong> \u2013 El Baas \u00dcniversitesi bug\u00fcn Almanya&#8217;daki Kapasite Geli\u015ftirme ve \u0130stihdam Akademisi (Leipzig) ile bilimsel i\u015fbirli\u011fini, giri\u015fimcili\u011fi ve hizmet ve e\u011fitim yeteneklerini te\u015fvik etmek ve geli\u015ftirmek amac\u0131yla bir i\u015fbirli\u011fi anla\u015fmas\u0131 imzalad\u0131.<\/p>\n<p><img loading=\"lazy\" decoding=\"async\" class=\"size-full wp-image-283765 alignright\" src=\"http:\/\/sana.sy\/tr\/wp-content\/uploads\/2023\/07\/20230704130707_IMG_5389-copy-300x200-1.jpg\" alt=\"\" width=\"300\" height=\"200\" \/>El Baas \u00dcniversitesi Rekt\u00f6r\u00fc Dr. Abdulbasit El Hatib, iki taraf i\u00e7in e\u011fitim ve kapasite geli\u015ftirme alanlar\u0131nda ortak i\u015fbirli\u011fi ve kitap, yay\u0131n, bilimsel ve belgesel materyal al\u0131\u015fveri\u015fi sa\u011flad\u0131\u011f\u0131 i\u00e7in anla\u015fman\u0131n \u00f6nemini vurgulad\u0131.<\/p>\n<p>El Hatib&#8217;e g\u00f6re anla\u015fma, fak\u00fclte ve idari personele hibe verilmesine ve mezuniyet \u00f6ncesi \u00f6\u011frenciler i\u00e7in bir ay s\u00fcreyle Akademi taraf\u0131ndan \u00fcniversiteler ve hastanelerde sa\u011flanacak e\u011fitim kurslar\u0131 d\u00fczenlenmesine izin veriyor.<\/p>\n<p>Akademi Direkt\u00f6r\u00fc H\u00fcseyni El Mecid, anla\u015fman\u0131n bilimsel ve e\u011fitimsel i\u015fbirli\u011fi ile hizmet ve e\u011fitim yeteneklerinin tan\u0131t\u0131lmas\u0131na ve geli\u015ftirilmesine katk\u0131da bulunaca\u011f\u0131na, \u00f6zellikle El Baas \u00dcniversitesi&#8217;nin e\u011fitim d\u00fczeyinde \u00f6nde gelen \u00fcniversitelerden biri oldu\u011funa dikkat \u00e7ekti.<\/p>\n<p>El Mecid ayr\u0131ca, El Baas \u00dcniversitesi \u00f6\u011frencilerinin dil s\u0131nav\u0131n\u0131 ge\u00e7tikten sonra Alman \u00fcniversitelerine kolayca kabul edilmelerini sa\u011flamak i\u00e7in anla\u015fma yoluyla \u00e7al\u0131\u015fma yap\u0131laca\u011f\u0131n\u0131 vurgularken, akademi&#8217;nin d\u00fcnyada dokuz \u015fubesi oldu\u011funa ve dil \u00f6\u011fretmek, kapasite geli\u015ftirmek ve i\u015f f\u0131rsatlar\u0131n\u0131 g\u00fcvence alt\u0131na almakla ilgilendi\u011fine dikkat \u00e7ekti.<\/p>\n<p>R.M<\/p>\n<p><a href=\"https:\/\/t.me\/SuriyeArapHaberAjansI\">Telegram Kanal\u0131m\u0131z\u00a0<\/a><\/p>\n<p><a href=\"https:\/\/www.facebook.com\/SANAHaberAjansi\/\">Facebook Sayfam\u0131z<\/a><\/p>\n<p><a href=\"https:\/\/twitter.com\/arap_ajans\">Twitter Hesab\u0131m\u0131z<\/a><\/p>\n","protected":false},"excerpt":{"rendered":"<p>HOMS \u2013 El Baas \u00dcniversitesi bug\u00fcn Almanya&#8217;daki Kapasite Geli\u015ftirme ve \u0130stihdam Akademisi (Leipzig) ile bilimsel i\u015fbirli\u011fini, giri\u015fimcili\u011fi ve hizmet ve e\u011fitim yeteneklerini te\u015fvik etmek ve geli\u015ftirmek amac\u0131yla bir i\u015fbirli\u011fi anla\u015fmas\u0131 imzalad\u0131. El Baas \u00dcniversitesi Rekt\u00f6r\u00fc Dr. Abdulbasit El Hatib, iki taraf i\u00e7in e\u011fitim ve kapasite geli\u015ftirme alanlar\u0131nda ortak i\u015fbirli\u011fi ve kitap, yay\u0131n, bilimsel ve belgesel &hellip;<\/p>\n","protected":false},"author":41,"featured_media":283764,"comment_status":"closed","ping_status":"closed","sticky":false,"template":"","format":"standard","meta":{"footnotes":""},"categories":[479,17988,478],"tags":[38482,38481,38340,38485,38483,38484,38380,24433],"class_list":["post-283763","post","type-post","status-publish","format-standard","has-post-thumbnail","","category-haberler-yerel","category-son-haberler","category-yerel","tag-el-baas-universitesi","tag-el-baas-universitesi-ile-kapasite-gelistirme-ve-istihdam-akademisi-leipzig-arasinda-bilimsel-isbirligi-anlasmasi","tag-savastan-sonra-suriye","tag-suriyede-egitim-ogretim-durumu","tag-suriyede-guluk-durum","tag-suriyede-hayat","tag-suriyede-ne-oluyor","tag-suriyede-yasam"],"_links":{"self":[{"href":"https:\/\/archive.sana.sy\/tr\/index.php?rest_route=\/wp\/v2\/posts\/283763","targetHints":{"allow":["GET"]}}],"collection":[{"href":"https:\/\/archive.sana.sy\/tr\/index.php?rest_route=\/wp\/v2\/posts"}],"about":[{"href":"https:\/\/archive.sana.sy\/tr\/index.php?rest_route=\/wp\/v2\/types\/post"}],"author":[{"embeddable":true,"href":"https:\/\/archive.sana.sy\/tr\/index.php?rest_route=\/wp\/v2\/users\/41"}],"replies":[{"embeddable":true,"href":"https:\/\/archive.sana.sy\/tr\/index.php?rest_route=%2Fwp%2Fv2%2Fcomments&post=283763"}],"version-history":[{"count":1,"href":"https:\/\/archive.sana.sy\/tr\/index.php?rest_route=\/wp\/v2\/posts\/283763\/revisions"}],"predecessor-version":[{"id":283766,"href":"https:\/\/archive.sana.sy\/tr\/index.php?rest_route=\/wp\/v2\/posts\/283763\/revisions\/283766"}],"wp:featuredmedia":[{"embeddable":true,"href":"https:\/\/archive.sana.sy\/tr\/index.php?rest_route=\/wp\/v2\/media\/283764"}],"wp:attachment":[{"href":"https:\/\/archive.sana.sy\/tr\/index.php?rest_route=%2Fwp%2Fv2%2Fmedia&parent=283763"}],"wp:term":[{"taxonomy":"category","embeddable":true,"href":"https:\/\/archive.sana.sy\/tr\/index.php?rest_route=%2Fwp%2Fv2%2Fcategories&post=283763"},{"taxonomy":"post_tag","embeddable":true,"href":"https:\/\/archive.sana.sy\/tr\/index.php?rest_route=%2Fwp%2Fv2%2Ftags&post=283763"}],"curies":[{"name":"wp","href":"https:\/\/api.w.org\/{rel}","templated":true}]}}