{"id":283835,"date":"2023-07-05T15:41:28","date_gmt":"2023-07-05T12:41:28","guid":{"rendered":"https:\/\/sana.sy\/tr\/?p=283835"},"modified":"2023-07-06T08:13:42","modified_gmt":"2023-07-06T05:13:42","slug":"sdg-milisleri-rakkada-cok-sayida-genci-kendi-saflarina-zorla-almak-icin-kacirdi","status":"publish","type":"post","link":"https:\/\/archive.sana.sy\/tr\/?p=283835","title":{"rendered":"(SDG) Milisleri, Rakka\u2019da \u00c7ok Say\u0131da Genci Kendi Saflar\u0131na Zorla Almak \u0130\u00e7in Ka\u00e7\u0131rd\u0131"},"content":{"rendered":"<p><strong>HASEKE<\/strong> &#8211; Amerikan i\u015fgal g\u00fc\u00e7leri taraf\u0131ndan desteklenen ayr\u0131l\u0131k\u00e7\u0131 \u201cKasd\u201d milisleri, Rakka \u015fehrinde \u00e7ok say\u0131da genci ka\u00e7\u0131rd\u0131 ve saflar\u0131na zorlamak i\u00e7in karargahlar\u0131ndan birine g\u00f6t\u00fcrd\u00fc.<\/p>\n<p>Yerel kaynaklar SANA muhabirine, \u2018\u2019 \u201cDSG\u201d milisleri, Rakka kentindeki eski k\u00f6pr\u00fcn\u00fcn yak\u0131n\u0131nda bir kontrol noktas\u0131 kurdu. Ge\u00e7en arabalar\u0131 ve vatanda\u015flar\u0131 durdurdu, gen\u00e7leri ka\u00e7\u0131rd\u0131 ve yak\u0131ndaki karargahlar\u0131ndan birine g\u00f6t\u00fcrd\u00fc\u2019\u2019 diyerek, milislerin amac\u0131n\u0131n onlar\u0131 kamplar\u0131na girmeye zorlamak ve saflar\u0131nda hizmet etmek, Amerikan i\u015fgalcinin g\u00fcndemlerini uygulamak ve Suriye Cezire&#8217;den bu\u011fday ve petrol \u00e7alan kamyon ve tank konvoylar\u0131n\u0131 korumak oldu\u011funu belirtti.<\/p>\n<p>R.M<\/p>\n<p><a href=\"https:\/\/t.me\/SuriyeArapHaberAjansI\">Telegram Kanal\u0131m\u0131z\u00a0<\/a><\/p>\n<p><a href=\"https:\/\/www.facebook.com\/SANAHaberAjansi\/\">Facebook Sayfam\u0131z<\/a><\/p>\n<p><a href=\"https:\/\/twitter.com\/arap_ajans\">Twitter Hesab\u0131m\u0131z<\/a><\/p>\n","protected":false},"excerpt":{"rendered":"<p>HASEKE &#8211; Amerikan i\u015fgal g\u00fc\u00e7leri taraf\u0131ndan desteklenen ayr\u0131l\u0131k\u00e7\u0131 \u201cKasd\u201d milisleri, Rakka \u015fehrinde \u00e7ok say\u0131da genci ka\u00e7\u0131rd\u0131 ve saflar\u0131na zorlamak i\u00e7in karargahlar\u0131ndan birine g\u00f6t\u00fcrd\u00fc. Yerel kaynaklar SANA muhabirine, \u2018\u2019 \u201cDSG\u201d milisleri, Rakka kentindeki eski k\u00f6pr\u00fcn\u00fcn yak\u0131n\u0131nda bir kontrol noktas\u0131 kurdu. Ge\u00e7en arabalar\u0131 ve vatanda\u015flar\u0131 durdurdu, gen\u00e7leri ka\u00e7\u0131rd\u0131 ve yak\u0131ndaki karargahlar\u0131ndan birine g\u00f6t\u00fcrd\u00fc\u2019\u2019 diyerek, milislerin amac\u0131n\u0131n onlar\u0131 &hellip;<\/p>\n","protected":false},"author":41,"featured_media":283836,"comment_status":"closed","ping_status":"closed","sticky":false,"template":"","format":"standard","meta":{"footnotes":""},"categories":[479,17988,478],"tags":[38502,38503,38504,22182],"class_list":["post-283835","post","type-post","status-publish","format-standard","has-post-thumbnail","","category-haberler-yerel","category-son-haberler","category-yerel","tag-r-m-telegram-kanalimiz-facebook-sayfamiz-twitter-hesabimiz-edit","tag-sdg-milisleri","tag-suriyede-konuslu-teror-orgutleri","tag-suriyede-savas"],"_links":{"self":[{"href":"https:\/\/archive.sana.sy\/tr\/index.php?rest_route=\/wp\/v2\/posts\/283835","targetHints":{"allow":["GET"]}}],"collection":[{"href":"https:\/\/archive.sana.sy\/tr\/index.php?rest_route=\/wp\/v2\/posts"}],"about":[{"href":"https:\/\/archive.sana.sy\/tr\/index.php?rest_route=\/wp\/v2\/types\/post"}],"author":[{"embeddable":true,"href":"https:\/\/archive.sana.sy\/tr\/index.php?rest_route=\/wp\/v2\/users\/41"}],"replies":[{"embeddable":true,"href":"https:\/\/archive.sana.sy\/tr\/index.php?rest_route=%2Fwp%2Fv2%2Fcomments&post=283835"}],"version-history":[{"count":1,"href":"https:\/\/archive.sana.sy\/tr\/index.php?rest_route=\/wp\/v2\/posts\/283835\/revisions"}],"predecessor-version":[{"id":283837,"href":"https:\/\/archive.sana.sy\/tr\/index.php?rest_route=\/wp\/v2\/posts\/283835\/revisions\/283837"}],"wp:featuredmedia":[{"embeddable":true,"href":"https:\/\/archive.sana.sy\/tr\/index.php?rest_route=\/wp\/v2\/media\/283836"}],"wp:attachment":[{"href":"https:\/\/archive.sana.sy\/tr\/index.php?rest_route=%2Fwp%2Fv2%2Fmedia&parent=283835"}],"wp:term":[{"taxonomy":"category","embeddable":true,"href":"https:\/\/archive.sana.sy\/tr\/index.php?rest_route=%2Fwp%2Fv2%2Fcategories&post=283835"},{"taxonomy":"post_tag","embeddable":true,"href":"https:\/\/archive.sana.sy\/tr\/index.php?rest_route=%2Fwp%2Fv2%2Ftags&post=283835"}],"curies":[{"name":"wp","href":"https:\/\/api.w.org\/{rel}","templated":true}]}}