{"id":283838,"date":"2023-07-05T16:00:42","date_gmt":"2023-07-05T13:00:42","guid":{"rendered":"https:\/\/sana.sy\/tr\/?p=283838"},"modified":"2023-07-07T08:55:55","modified_gmt":"2023-07-07T05:55:55","slug":"mikdad-baglantisizlar-hareketi-disisleri-bakanlari-toplantisinda-suriye-teror-belasiyla-yuzlesmek-icin-ortak-caba-cagrisinda-bulundu","status":"publish","type":"post","link":"https:\/\/archive.sana.sy\/tr\/?p=283838","title":{"rendered":"Mikdad Ba\u011flant\u0131s\u0131zlar Hareketi D\u0131\u015fi\u015fleri Bakanlar\u0131 Toplant\u0131s\u0131nda.. Suriye, Ter\u00f6r Belas\u0131yla Y\u00fczle\u015fmek \u0130\u00e7in Ortak \u00c7aba \u00c7a\u011fr\u0131s\u0131nda Bulundu"},"content":{"rendered":"<p><strong>BAK\u00dc<\/strong> \u2013D\u0131\u015fi\u015fleri ve Gurbe\u00e7iler Bakan\u0131 Faysal Mikdad, hegemonya politikalar\u0131 sonucunda d\u00fcnyan\u0131n tan\u0131k oldu\u011fu zorluklar ve baz\u0131 Bat\u0131l\u0131 \u00fclkelerin uygulad\u0131\u011f\u0131 bask\u0131lar\u0131n daha bar\u0131\u015f\u00e7\u0131l ve i\u015fbirlik\u00e7i bir d\u00fcnya in\u015fa etmek i\u00e7in Ba\u011flant\u0131s\u0131zlar Hareketi \u00fclkelerinin \u00e7al\u0131\u015fmalar\u0131n\u0131 geli\u015ftirmesini gerektirdi\u011fini vurgulad\u0131.<\/p>\n<p>Bakan Mikdad, bug\u00fcn Azerbaycan&#8217;\u0131n ba\u015fkenti Bak\u00fc&#8217;de Ba\u011flant\u0131s\u0131zlar Hareketi \u00fclkelerinin d\u0131\u015fi\u015fleri bakanlar\u0131 toplant\u0131s\u0131nda yapt\u0131\u011f\u0131 konu\u015fmada, \u2018\u2019\u00d6ncelikle Ba\u011flant\u0131s\u0131zlar Hareketi \u00fclkelerinin d\u0131\u015fi\u015fleri bakanlar\u0131n\u0131n bu \u00f6nemli toplant\u0131s\u0131na ba\u015far\u0131yla ev sahipli\u011fi yapan ve &#8220;Ortaya \u00e7\u0131kan zorluklar kar\u015f\u0131s\u0131nda birle\u015fik ve diren\u00e7li&#8221; slogan\u0131n\u0131 ak\u0131ll\u0131ca se\u00e7en dost Azerbaycan Cumhuriyeti&#8217;ni tebrik etmek istiyorum. Bu, hareketin liderli\u011finin ve \u00fcye devletlerinin bug\u00fcn d\u00fcnyam\u0131z\u0131n tan\u0131k oldu\u011fu, \u00e7al\u0131\u015fmalar\u0131m\u0131z\u0131n geli\u015ftirilmesini ve ortak koordinasyonumuzun g\u00fc\u00e7lendirilmesini gerektiren \u00e7ok y\u00f6nl\u00fc zorluklar\u0131n tan\u0131nmas\u0131n\u0131 yans\u0131t\u0131yor.\u2019\u2019 dedi.<\/p>\n<p>Mikdad ayr\u0131ca, Ba\u011flant\u0131s\u0131zlar Hareketi \u00fclkelerinin, devletlerin egemenli\u011fine, ba\u011f\u0131ms\u0131zl\u0131\u011f\u0131na ve toprak b\u00fct\u00fcnl\u00fc\u011f\u00fcne sayg\u0131 temelinde bar\u0131\u015f, adalet, dayan\u0131\u015fma ve i\u015fbirli\u011finin hakim oldu\u011fu bir d\u00fcnya i\u00e7in \u00e7al\u0131\u015fmak i\u00e7in Bandung ve Belgrad konferanslar\u0131ndan bu yana iradelerinin birle\u015fti\u011fini a\u00e7\u0131klad\u0131.<\/p>\n<p>On y\u0131llar boyunca bu ilkelere olan inanc\u0131n ve ba\u011fl\u0131l\u0131\u011f\u0131n, Ba\u011flant\u0131s\u0131zlar Hareketi \u00fclkelerinin uluslararas\u0131 arenada \u00f6nemli bir konum \u00fcstlenmelerini ve de\u011ferlerini savunmak ve ortak \u00e7\u0131karlar\u0131na ula\u015fmak i\u00e7in etkin bir \u015fekilde \u00e7al\u0131\u015fmas\u0131n\u0131 sa\u011flad\u0131\u011f\u0131n\u0131 belirten Mikdad, Suriye&#8217;nin son y\u0131llarda Suriyelilerin maruz kald\u0131\u011f\u0131 ter\u00f6r belas\u0131na kar\u015f\u0131 ortak \u00e7abalar\u0131 vurgulad\u0131\u011f\u0131n\u0131 ve bununla y\u00fczle\u015fmek i\u00e7in canlar\u0131 ve mallar\u0131yla a\u011f\u0131r bir bedel \u00f6dediklerini belirtti.<\/p>\n<p>Bakan Mikdad, Suriye&#8217;nin yasa d\u0131\u015f\u0131 tek tarafl\u0131 zorlay\u0131c\u0131 \u00f6nlemlerle temsil edilen halklara y\u00f6nelik abluka ve toplu cezaland\u0131rma politikalar\u0131n\u0131 k\u0131nad\u0131\u011f\u0131n\u0131 vurgularken, \u0130srail&#8217;in Suriye, Filistin ve L\u00fcbnan&#8217;daki Arap topraklar\u0131n\u0131 i\u015fgalinin, \u0130srail i\u015fgal yetkililerinin i\u015fgal alt\u0131ndaki Suriye Golan&#8217;da Filistin halk\u0131na ve halk\u0131m\u0131za y\u00f6nelik sistematik ve tekrarlanan sald\u0131r\u0131lar\u0131yla devam etti\u011fine ve devam etti\u011fine i\u015faret etti.<\/p>\n<p>\u2018\u2019Suriye, \u0130srail&#8217;in t\u00fcm bu uygulamalar\u0131n\u0131 k\u0131n\u0131yor ve i\u015fgal alt\u0131ndaki Suriyeli Arap Golan&#8217;\u0131n yasal, co\u011frafi ve demografik durumunu baltalamay\u0131 ama\u00e7layan her t\u00fcrl\u00fc \u00f6nlemi reddediyor ve ilgili Birle\u015fmi\u015f Milletler kararlar\u0131, \u00f6zellikle 242, 338 ve 497 say\u0131l\u0131 kararlar\u0131 uyar\u0131nca 4 Haziran 1967 \u00e7izgisine kadar tamamen restore etme hakk\u0131n\u0131 teyit eder.\u2019\u2019 ifadelerini kullanan Mikdad,\u00a0 Suriye&#8217;nin topraklar\u0131ndaki her t\u00fcrl\u00fc yasad\u0131\u015f\u0131 yabanc\u0131 askeri varl\u0131\u011f\u0131na son verme kararl\u0131l\u0131\u011f\u0131n\u0131 teyit etti\u011fini kaydetti.<\/p>\n<p>Mikdad konu\u015fmas\u0131n\u0131n sonunda, Suriye&#8217;nin hareketin bir sonraki ba\u015fkanl\u0131\u011f\u0131n\u0131 devrald\u0131\u011f\u0131 i\u00e7in Uganda&#8217;y\u0131 tebrik etti\u011fini ve gelecek y\u0131l\u0131n ba\u015flar\u0131nda Kampala zirvesine kat\u0131lmay\u0131 d\u00f6rt g\u00f6zle bekledi\u011fini belirtti.<\/p>\n<p>R.M<\/p>\n<p><a href=\"https:\/\/t.me\/SuriyeArapHaberAjansI\">Telegram Kanal\u0131m\u0131z\u00a0<\/a><\/p>\n<p><a href=\"https:\/\/www.facebook.com\/SANAHaberAjansi\/\">Facebook Sayfam\u0131z<\/a><\/p>\n<p><a href=\"https:\/\/twitter.com\/arap_ajans\">Twitter Hesab\u0131m\u0131z<\/a><\/p>\n","protected":false},"excerpt":{"rendered":"<p>BAK\u00dc \u2013D\u0131\u015fi\u015fleri ve Gurbe\u00e7iler Bakan\u0131 Faysal Mikdad, hegemonya politikalar\u0131 sonucunda d\u00fcnyan\u0131n tan\u0131k oldu\u011fu zorluklar ve baz\u0131 Bat\u0131l\u0131 \u00fclkelerin uygulad\u0131\u011f\u0131 bask\u0131lar\u0131n daha bar\u0131\u015f\u00e7\u0131l ve i\u015fbirlik\u00e7i bir d\u00fcnya in\u015fa etmek i\u00e7in Ba\u011flant\u0131s\u0131zlar Hareketi \u00fclkelerinin \u00e7al\u0131\u015fmalar\u0131n\u0131 geli\u015ftirmesini gerektirdi\u011fini vurgulad\u0131. Bakan Mikdad, bug\u00fcn Azerbaycan&#8217;\u0131n ba\u015fkenti Bak\u00fc&#8217;de Ba\u011flant\u0131s\u0131zlar Hareketi \u00fclkelerinin d\u0131\u015fi\u015fleri bakanlar\u0131 toplant\u0131s\u0131nda yapt\u0131\u011f\u0131 konu\u015fmada, \u2018\u2019\u00d6ncelikle Ba\u011flant\u0131s\u0131zlar Hareketi \u00fclkelerinin d\u0131\u015fi\u015fleri &hellip;<\/p>\n","protected":false},"author":41,"featured_media":283839,"comment_status":"closed","ping_status":"closed","sticky":false,"template":"","format":"standard","meta":{"footnotes":""},"categories":[458,459,17988],"tags":[31662,38507,25301,38505,38340,38280,19043,38508,38506],"class_list":["post-283838","post","type-post","status-publish","format-standard","has-post-thumbnail","","category-dunya1","category-haberler-arap-uluslararasi-politika","category-son-haberler","tag-azerbaycan","tag-baglantisizlar-hareketi-devletleri","tag-baku","tag-mikdad-baglantisizlar-hareketi-disisleri-bakanlari-toplantisinda-suriye","tag-savastan-sonra-suriye","tag-suriye-ile-normallesme","tag-suriyede-son-durum","tag-suriyenin-diger-ulkelerle-iliskileri","tag-teror-belasiyla-yuzlesmek-icin-ortak-caba-cagrisinda-bulundu"],"_links":{"self":[{"href":"https:\/\/archive.sana.sy\/tr\/index.php?rest_route=\/wp\/v2\/posts\/283838","targetHints":{"allow":["GET"]}}],"collection":[{"href":"https:\/\/archive.sana.sy\/tr\/index.php?rest_route=\/wp\/v2\/posts"}],"about":[{"href":"https:\/\/archive.sana.sy\/tr\/index.php?rest_route=\/wp\/v2\/types\/post"}],"author":[{"embeddable":true,"href":"https:\/\/archive.sana.sy\/tr\/index.php?rest_route=\/wp\/v2\/users\/41"}],"replies":[{"embeddable":true,"href":"https:\/\/archive.sana.sy\/tr\/index.php?rest_route=%2Fwp%2Fv2%2Fcomments&post=283838"}],"version-history":[{"count":2,"href":"https:\/\/archive.sana.sy\/tr\/index.php?rest_route=\/wp\/v2\/posts\/283838\/revisions"}],"predecessor-version":[{"id":283868,"href":"https:\/\/archive.sana.sy\/tr\/index.php?rest_route=\/wp\/v2\/posts\/283838\/revisions\/283868"}],"wp:featuredmedia":[{"embeddable":true,"href":"https:\/\/archive.sana.sy\/tr\/index.php?rest_route=\/wp\/v2\/media\/283839"}],"wp:attachment":[{"href":"https:\/\/archive.sana.sy\/tr\/index.php?rest_route=%2Fwp%2Fv2%2Fmedia&parent=283838"}],"wp:term":[{"taxonomy":"category","embeddable":true,"href":"https:\/\/archive.sana.sy\/tr\/index.php?rest_route=%2Fwp%2Fv2%2Fcategories&post=283838"},{"taxonomy":"post_tag","embeddable":true,"href":"https:\/\/archive.sana.sy\/tr\/index.php?rest_route=%2Fwp%2Fv2%2Ftags&post=283838"}],"curies":[{"name":"wp","href":"https:\/\/api.w.org\/{rel}","templated":true}]}}