{"id":283933,"date":"2023-07-08T13:55:12","date_gmt":"2023-07-08T10:55:12","guid":{"rendered":"https:\/\/sana.sy\/tr\/?p=283933"},"modified":"2023-07-09T09:05:38","modified_gmt":"2023-07-09T06:05:38","slug":"tarim-bakanligi-fao-muduru-ile-isbirlik-alanlarini-ve-suriyedeki-ogrutunu-rolunu-gorustu","status":"publish","type":"post","link":"https:\/\/archive.sana.sy\/tr\/?p=283933","title":{"rendered":"Tar\u0131m Bakanl\u0131\u011f\u0131 FAO M\u00fcd\u00fcr\u00fc ile \u0130\u015fbirlik Alanlar\u0131n\u0131 ve Suriye\u2019deki \u00d6\u011fr\u00fct\u00fcn\u00fc Rol\u00fcn\u00fc G\u00f6r\u00fc\u015ft\u00fc"},"content":{"rendered":"<p><strong>ROMA<\/strong> &#8211; Bug\u00fcn Tar\u0131m Bakan\u0131 Muhammed Hassan Katana, Birle\u015fmi\u015f Milletler G\u0131da ve Tar\u0131m \u00d6rg\u00fct\u00fc (FAO) Genel M\u00fcd\u00fcr\u00fc Qu Dongyu ile i\u015fbirli\u011fi alanlar\u0131n\u0131, \u00f6rg\u00fct\u00fcn rol\u00fcn\u00fc ve Suriye&#8217;deki faaliyetlerini geni\u015fletme mekanizmalar\u0131n\u0131 g\u00f6r\u00fc\u015ft\u00fc.<\/p>\n<p><img loading=\"lazy\" decoding=\"async\" class=\"size-full wp-image-283935 alignright\" src=\"http:\/\/sana.sy\/tr\/wp-content\/uploads\/2023\/07\/photo_2023-07-08_00-00-27-300x140-1.jpg\" alt=\"\" width=\"300\" height=\"140\" \/>Bakan Katana, \u00f6rg\u00fct\u00fcn 43. Genel Konferans\u0131&#8217;n\u0131n kapan\u0131\u015f\u0131nda ger\u00e7ekle\u015fen g\u00f6r\u00fc\u015fmede, Suriye&#8217;deki tar\u0131m\u0131n durumu, g\u0131da g\u00fcvenli\u011finin durumu ve sekt\u00f6r\u00fcn kar\u015f\u0131la\u015ft\u0131\u011f\u0131 g\u00fc\u00e7l\u00fckleri de\u011ferlendirirken, tar\u0131m sekt\u00f6r\u00fc kalk\u0131nma stratejisi 2030 programlar\u0131n\u0131n uygulanmas\u0131n\u0131 ve kurulu\u015f taraf\u0131ndan ba\u015flat\u0131lan giri\u015fimlerin uygulanmas\u0131n\u0131 destekleyecek \u015fekilde, bir sonraki a\u015famada \u00f6rg\u00fct\u00fcn faaliyetlerinin geni\u015fletilmesi gere\u011fini vurgulad\u0131.<\/p>\n<p>FAO Genel M\u00fcd\u00fcr\u00fc ise Suriye&#8217;ye destek sa\u011flamaya haz\u0131r oldu\u011funu ve Suriye halk\u0131n\u0131n ve liderli\u011finin krizin \u00fcstesinden gelme ve Suriye&#8217;nin sava\u015ftan \u00f6nceki stat\u00fcs\u00fcn\u00fc geri kazanma becerisine olan g\u00fcvenini dile getirerek, \u00f6rg\u00fct\u00fcn teknik kadrosuna Suriye ile tar\u0131m, orman, mera, hayvanc\u0131l\u0131k ve su sekt\u00f6rlerinde i\u015fbirli\u011fi yapma talimat\u0131 verdi.<\/p>\n<p>FAO Genel M\u00fcd\u00fcr\u00fc ayr\u0131ca, \u00f6rg\u00fct\u00fcn b\u00f6lge m\u00fcd\u00fcr\u00fcnden Suriye&#8217;deki \u00e7al\u0131\u015fmalar\u0131 geli\u015ftirmek i\u00e7in \u00fcst d\u00fczey teknisyenler sa\u011flamas\u0131n\u0131 istedi.<\/p>\n<p>R.M<\/p>\n<p><a href=\"https:\/\/t.me\/SuriyeArapHaberAjansI\">Telegram Kanal\u0131m\u0131z\u00a0<\/a><\/p>\n<p><a href=\"https:\/\/www.facebook.com\/SANAHaberAjansi\/\">Facebook Sayfam\u0131z<\/a><\/p>\n<p><a href=\"https:\/\/twitter.com\/arap_ajans\">Twitter Hesab\u0131m\u0131z<\/a><\/p>\n<p>&nbsp;<\/p>\n","protected":false},"excerpt":{"rendered":"<p>ROMA &#8211; Bug\u00fcn Tar\u0131m Bakan\u0131 Muhammed Hassan Katana, Birle\u015fmi\u015f Milletler G\u0131da ve Tar\u0131m \u00d6rg\u00fct\u00fc (FAO) Genel M\u00fcd\u00fcr\u00fc Qu Dongyu ile i\u015fbirli\u011fi alanlar\u0131n\u0131, \u00f6rg\u00fct\u00fcn rol\u00fcn\u00fc ve Suriye&#8217;deki faaliyetlerini geni\u015fletme mekanizmalar\u0131n\u0131 g\u00f6r\u00fc\u015ft\u00fc. Bakan Katana, \u00f6rg\u00fct\u00fcn 43. Genel Konferans\u0131&#8217;n\u0131n kapan\u0131\u015f\u0131nda ger\u00e7ekle\u015fen g\u00f6r\u00fc\u015fmede, Suriye&#8217;deki tar\u0131m\u0131n durumu, g\u0131da g\u00fcvenli\u011finin durumu ve sekt\u00f6r\u00fcn kar\u015f\u0131la\u015ft\u0131\u011f\u0131 g\u00fc\u00e7l\u00fckleri de\u011ferlendirirken, tar\u0131m sekt\u00f6r\u00fc kalk\u0131nma stratejisi 2030 &hellip;<\/p>\n","protected":false},"author":41,"featured_media":283934,"comment_status":"closed","ping_status":"closed","sticky":false,"template":"","format":"standard","meta":{"footnotes":""},"categories":[458,485,486,459,17988],"tags":[21079,30765,38379,38553,38552,19043,38551],"class_list":["post-283933","post","type-post","status-publish","format-standard","has-post-thumbnail","","category-dunya1","category-is-ve-sermaye","category-haberler-is-ve-sermaye","category-haberler-arap-uluslararasi-politika","category-son-haberler","tag-birlesmis-milletler-gida-ve-tarim-orgutu-fao","tag-fao","tag-r-m-telegram-kanalimiz-facebook-sayfamiz-twitter-hesabimiz","tag-suriyede-ekononmi-durumu","tag-suriyede-gunluk-yasam-durumu","tag-suriyede-son-durum","tag-tarim-orgutu"],"_links":{"self":[{"href":"https:\/\/archive.sana.sy\/tr\/index.php?rest_route=\/wp\/v2\/posts\/283933","targetHints":{"allow":["GET"]}}],"collection":[{"href":"https:\/\/archive.sana.sy\/tr\/index.php?rest_route=\/wp\/v2\/posts"}],"about":[{"href":"https:\/\/archive.sana.sy\/tr\/index.php?rest_route=\/wp\/v2\/types\/post"}],"author":[{"embeddable":true,"href":"https:\/\/archive.sana.sy\/tr\/index.php?rest_route=\/wp\/v2\/users\/41"}],"replies":[{"embeddable":true,"href":"https:\/\/archive.sana.sy\/tr\/index.php?rest_route=%2Fwp%2Fv2%2Fcomments&post=283933"}],"version-history":[{"count":1,"href":"https:\/\/archive.sana.sy\/tr\/index.php?rest_route=\/wp\/v2\/posts\/283933\/revisions"}],"predecessor-version":[{"id":283936,"href":"https:\/\/archive.sana.sy\/tr\/index.php?rest_route=\/wp\/v2\/posts\/283933\/revisions\/283936"}],"wp:featuredmedia":[{"embeddable":true,"href":"https:\/\/archive.sana.sy\/tr\/index.php?rest_route=\/wp\/v2\/media\/283934"}],"wp:attachment":[{"href":"https:\/\/archive.sana.sy\/tr\/index.php?rest_route=%2Fwp%2Fv2%2Fmedia&parent=283933"}],"wp:term":[{"taxonomy":"category","embeddable":true,"href":"https:\/\/archive.sana.sy\/tr\/index.php?rest_route=%2Fwp%2Fv2%2Fcategories&post=283933"},{"taxonomy":"post_tag","embeddable":true,"href":"https:\/\/archive.sana.sy\/tr\/index.php?rest_route=%2Fwp%2Fv2%2Ftags&post=283933"}],"curies":[{"name":"wp","href":"https:\/\/api.w.org\/{rel}","templated":true}]}}