{"id":283991,"date":"2023-07-09T14:21:06","date_gmt":"2023-07-09T11:21:06","guid":{"rendered":"https:\/\/sana.sy\/tr\/?p=283991"},"modified":"2023-07-13T08:05:59","modified_gmt":"2023-07-13T05:05:59","slug":"cumhurbaskani-esad-busamanin-cezayir-cumhuriyetinin-olaganustu-buyukelcisi-ve-tam-yetkili-temsilcisi-olarak-guven-mektubunu-kabul-etti","status":"publish","type":"post","link":"https:\/\/archive.sana.sy\/tr\/?p=283991","title":{"rendered":"Cumhurba\u015fkan\u0131 Esad, Bu\u015fama&#8217;n\u0131n Cezayir Cumhuriyeti&#8217;nin Ola\u011fan\u00fcst\u00fc B\u00fcy\u00fckel\u00e7isi Ve Tam Yetkili Temsilcisi Olarak G\u00fcven Mektubunu Kabul Etti"},"content":{"rendered":"<p><span style=\"color: #ff0000;\"><span style=\"color: #800000;\"><strong>\u015eAM<\/strong> <\/span>&#8211; <\/span>\u00a0Cumhurba\u015fkan\u0131 Be\u015f\u015far Esad bu sabah, Cezayir Demokratik Halk Cumhuriyeti&#8217;nin Suriye Arap Cumhuriyeti&#8217;ndeki Ola\u011fan\u00fcst\u00fc ve Tam Yetkili B\u00fcy\u00fckel\u00e7isi Kemal Bu\u015fama&#8217;n\u0131n g\u00fcven mektubunu kabul etti.<\/p>\n<p>Cezayir b\u00fcy\u00fckel\u00e7isinin g\u00fcven mektubu, D\u0131\u015fi\u015fleri ve Gurbet\u00e7iler Bakan\u0131 Faysal Mikdad ve Cumhurba\u015fkanl\u0131\u011f\u0131 \u0130\u015fleri Bakan\u0131 Mansur Azzam&#8217;\u0131n huzurunda kabul edildi.<\/p>\n<div id='gallery-1' class='gallery galleryid-283991 gallery-columns-1 gallery-size-full'><figure class='gallery-item'>\n\t\t\t<div class='gallery-icon landscape'>\n\t\t\t\t<a href='https:\/\/archive.sana.sy\/tr\/?attachment_id=283994'><img loading=\"lazy\" decoding=\"async\" width=\"1200\" height=\"803\" src=\"https:\/\/archive.sana.sy\/tr\/wp-content\/uploads\/2023\/07\/photo_2023-07-09_14-03-55.jpg\" class=\"attachment-full size-full\" alt=\"\" srcset=\"https:\/\/archive.sana.sy\/tr\/wp-content\/uploads\/2023\/07\/photo_2023-07-09_14-03-55.jpg 1200w, https:\/\/archive.sana.sy\/tr\/wp-content\/uploads\/2023\/07\/photo_2023-07-09_14-03-55-300x201.jpg 300w, https:\/\/archive.sana.sy\/tr\/wp-content\/uploads\/2023\/07\/photo_2023-07-09_14-03-55-1024x685.jpg 1024w, https:\/\/archive.sana.sy\/tr\/wp-content\/uploads\/2023\/07\/photo_2023-07-09_14-03-55-768x514.jpg 768w, https:\/\/archive.sana.sy\/tr\/wp-content\/uploads\/2023\/07\/photo_2023-07-09_14-03-55-110x75.jpg 110w\" sizes=\"auto, (max-width: 1200px) 100vw, 1200px\" \/><\/a>\n\t\t\t<\/div><\/figure>\n\t\t<\/div>\n\n<p>R.M<\/p>\n<p><a href=\"https:\/\/t.me\/SuriyeArapHaberAjansI\">Telegram Kanal\u0131m\u0131z\u00a0<\/a><\/p>\n<p><a href=\"https:\/\/www.facebook.com\/SANAHaberAjansi\/\">Facebook Sayfam\u0131z<\/a><\/p>\n<p><a href=\"https:\/\/twitter.com\/arap_ajans\">Twitter Hesab\u0131m\u0131z<\/a><\/p>\n","protected":false},"excerpt":{"rendered":"<p>\u015eAM &#8211; \u00a0Cumhurba\u015fkan\u0131 Be\u015f\u015far Esad bu sabah, Cezayir Demokratik Halk Cumhuriyeti&#8217;nin Suriye Arap Cumhuriyeti&#8217;ndeki Ola\u011fan\u00fcst\u00fc ve Tam Yetkili B\u00fcy\u00fckel\u00e7isi Kemal Bu\u015fama&#8217;n\u0131n g\u00fcven mektubunu kabul etti. Cezayir b\u00fcy\u00fckel\u00e7isinin g\u00fcven mektubu, D\u0131\u015fi\u015fleri ve Gurbet\u00e7iler Bakan\u0131 Faysal Mikdad ve Cumhurba\u015fkanl\u0131\u011f\u0131 \u0130\u015fleri Bakan\u0131 Mansur Azzam&#8217;\u0131n huzurunda kabul edildi. R.M Telegram Kanal\u0131m\u0131z\u00a0 Facebook Sayfam\u0131z Twitter Hesab\u0131m\u0131z<\/p>\n","protected":false},"author":41,"featured_media":283992,"comment_status":"closed","ping_status":"closed","sticky":false,"template":"","format":"standard","meta":{"footnotes":""},"categories":[606,605,17988],"tags":[38564,38565,1551,38219,19043,22182],"class_list":["post-283991","post","type-post","status-publish","format-standard","has-post-thumbnail","","category-cumhurbaskani","category-sayin-cumhurbaskani","category-son-haberler","tag-cezayir-demokratik-halk-cumhuriyeti","tag-cezayirin-suriye-buyukelcisi","tag-cumhurbaskani-bessar-esad","tag-cumhurbaskani-esad","tag-suriyede-son-durum","tag-suriyede-savas"],"_links":{"self":[{"href":"https:\/\/archive.sana.sy\/tr\/index.php?rest_route=\/wp\/v2\/posts\/283991","targetHints":{"allow":["GET"]}}],"collection":[{"href":"https:\/\/archive.sana.sy\/tr\/index.php?rest_route=\/wp\/v2\/posts"}],"about":[{"href":"https:\/\/archive.sana.sy\/tr\/index.php?rest_route=\/wp\/v2\/types\/post"}],"author":[{"embeddable":true,"href":"https:\/\/archive.sana.sy\/tr\/index.php?rest_route=\/wp\/v2\/users\/41"}],"replies":[{"embeddable":true,"href":"https:\/\/archive.sana.sy\/tr\/index.php?rest_route=%2Fwp%2Fv2%2Fcomments&post=283991"}],"version-history":[{"count":6,"href":"https:\/\/archive.sana.sy\/tr\/index.php?rest_route=\/wp\/v2\/posts\/283991\/revisions"}],"predecessor-version":[{"id":284020,"href":"https:\/\/archive.sana.sy\/tr\/index.php?rest_route=\/wp\/v2\/posts\/283991\/revisions\/284020"}],"wp:featuredmedia":[{"embeddable":true,"href":"https:\/\/archive.sana.sy\/tr\/index.php?rest_route=\/wp\/v2\/media\/283992"}],"wp:attachment":[{"href":"https:\/\/archive.sana.sy\/tr\/index.php?rest_route=%2Fwp%2Fv2%2Fmedia&parent=283991"}],"wp:term":[{"taxonomy":"category","embeddable":true,"href":"https:\/\/archive.sana.sy\/tr\/index.php?rest_route=%2Fwp%2Fv2%2Fcategories&post=283991"},{"taxonomy":"post_tag","embeddable":true,"href":"https:\/\/archive.sana.sy\/tr\/index.php?rest_route=%2Fwp%2Fv2%2Ftags&post=283991"}],"curies":[{"name":"wp","href":"https:\/\/api.w.org\/{rel}","templated":true}]}}