{"id":283999,"date":"2023-07-09T14:43:50","date_gmt":"2023-07-09T11:43:50","guid":{"rendered":"https:\/\/sana.sy\/tr\/?p=283999"},"modified":"2023-07-10T08:21:43","modified_gmt":"2023-07-10T05:21:43","slug":"turk-isgalcilerin-icme-suyunu-kesmeye-devam-etmesi-nedeniyle-hasekede-enterit-vakalarinin-sayisi-artti","status":"publish","type":"post","link":"https:\/\/archive.sana.sy\/tr\/?p=283999","title":{"rendered":"T\u00fcrk \u0130\u015fgalcilerin \u0130\u00e7me Suyunu Kesmeye Devam Etmesi Nedeniyle Haseke&#8217;de Enterit Vakalar\u0131n\u0131n Say\u0131s\u0131 Artt\u0131"},"content":{"rendered":"<p><span style=\"color: #800000;\"><strong>HASEKE<\/strong> <\/span>&#8211; T\u00fcrk i\u015fgali ve \u00e7etelerinin Haseke vilayetindeki Alluk su istasyonundan i\u00e7me suyunu kesmeye ve \u00f6zel tanklarla ta\u015f\u0131nan suya g\u00fcvenmeye devam etmesi, \u00f6zellikle \u00e7ocuklar aras\u0131nda hastal\u0131k ve ba\u011f\u0131rsak enfeksiyonu olan ki\u015filerin say\u0131s\u0131nda art\u0131\u015fa neden oluyor.<\/p>\n<p>Haseke Sa\u011fl\u0131k Dairesi M\u00fcd\u00fcr\u00fc Dr.\u00a0 \u0130sa Halef, SANA muhabirine yapt\u0131\u011f\u0131 a\u00e7\u0131klamada, \u2018\u2019\u015eehir merkezindeki modernize edilmi\u015f t\u0131p merkezine her ay, T\u00fcrk i\u015fgalcilerin Haseke \u015fehri ve n\u00fcfus merkezlerinden i\u00e7me suyunu kesmesi sonucunda \u00e7o\u011fu \u00e7ocuk olmak \u00fczere yakla\u015f\u0131k 1.350 acil akut ba\u011f\u0131rsak enfeksiyonu vakas\u0131 geliyor\u2019\u2019 dedi.<\/p>\n<p>Halef ayr\u0131ca, bir\u00e7ok insan\u0131n ister i\u00e7me ister evsel kullan\u0131m i\u00e7in g\u00fcvenilir olmayan suya ba\u015fvurdu\u011funu ve bunun da hastal\u0131k ve enfeksiyon say\u0131s\u0131n\u0131 art\u0131rd\u0131\u011f\u0131na dikkat \u00e7ekti.<\/p>\n<p>Ayr\u0131ca T\u00fcrk i\u015fgalci, Haseke \u015fehrinde ve Alluk istasyonundan Haseke&#8217;nin do\u011fu k\u0131rsal\u0131n\u0131n bir k\u0131sm\u0131na kadar uzanan su boru hatt\u0131 boyunca uzanan yerle\u015fim merkezlerinde bir milyon vatanda\u015f\u0131n i\u00e7me suyunu kesmeye devam ediyor.<\/p>\n<p>R.M<\/p>\n<p><a href=\"https:\/\/t.me\/SuriyeArapHaberAjansI\">Telegram Kanal\u0131m\u0131z\u00a0<\/a><\/p>\n<p><a href=\"https:\/\/www.facebook.com\/SANAHaberAjansi\/\">Facebook Sayfam\u0131z<\/a><\/p>\n<p><a href=\"https:\/\/twitter.com\/arap_ajans\">Twitter Hesab\u0131m\u0131z<\/a><\/p>\n","protected":false},"excerpt":{"rendered":"<p>HASEKE &#8211; T\u00fcrk i\u015fgali ve \u00e7etelerinin Haseke vilayetindeki Alluk su istasyonundan i\u00e7me suyunu kesmeye ve \u00f6zel tanklarla ta\u015f\u0131nan suya g\u00fcvenmeye devam etmesi, \u00f6zellikle \u00e7ocuklar aras\u0131nda hastal\u0131k ve ba\u011f\u0131rsak enfeksiyonu olan ki\u015filerin say\u0131s\u0131nda art\u0131\u015fa neden oluyor. Haseke Sa\u011fl\u0131k Dairesi M\u00fcd\u00fcr\u00fc Dr.\u00a0 \u0130sa Halef, SANA muhabirine yapt\u0131\u011f\u0131 a\u00e7\u0131klamada, \u2018\u2019\u015eehir merkezindeki modernize edilmi\u015f t\u0131p merkezine her ay, T\u00fcrk &hellip;<\/p>\n","protected":false},"author":41,"featured_media":284003,"comment_status":"closed","ping_status":"closed","sticky":false,"template":"","format":"standard","meta":{"footnotes":""},"categories":[479,17988,478],"tags":[38568,38569,1140,38567,38570,19043,38566],"class_list":["post-283999","post","type-post","status-publish","format-standard","has-post-thumbnail","","category-haberler-yerel","category-son-haberler","category-yerel","tag-alluk-istasyonu","tag-hasakedeki-su-durumu","tag-haseke","tag-haseke-saglik-dairesi-muduru","tag-suriyede-icme-suyu","tag-suriyede-son-durum","tag-turkiyenin-suriyedeki-yasa-disi-varligi"],"_links":{"self":[{"href":"https:\/\/archive.sana.sy\/tr\/index.php?rest_route=\/wp\/v2\/posts\/283999","targetHints":{"allow":["GET"]}}],"collection":[{"href":"https:\/\/archive.sana.sy\/tr\/index.php?rest_route=\/wp\/v2\/posts"}],"about":[{"href":"https:\/\/archive.sana.sy\/tr\/index.php?rest_route=\/wp\/v2\/types\/post"}],"author":[{"embeddable":true,"href":"https:\/\/archive.sana.sy\/tr\/index.php?rest_route=\/wp\/v2\/users\/41"}],"replies":[{"embeddable":true,"href":"https:\/\/archive.sana.sy\/tr\/index.php?rest_route=%2Fwp%2Fv2%2Fcomments&post=283999"}],"version-history":[{"count":2,"href":"https:\/\/archive.sana.sy\/tr\/index.php?rest_route=\/wp\/v2\/posts\/283999\/revisions"}],"predecessor-version":[{"id":284018,"href":"https:\/\/archive.sana.sy\/tr\/index.php?rest_route=\/wp\/v2\/posts\/283999\/revisions\/284018"}],"wp:featuredmedia":[{"embeddable":true,"href":"https:\/\/archive.sana.sy\/tr\/index.php?rest_route=\/wp\/v2\/media\/284003"}],"wp:attachment":[{"href":"https:\/\/archive.sana.sy\/tr\/index.php?rest_route=%2Fwp%2Fv2%2Fmedia&parent=283999"}],"wp:term":[{"taxonomy":"category","embeddable":true,"href":"https:\/\/archive.sana.sy\/tr\/index.php?rest_route=%2Fwp%2Fv2%2Fcategories&post=283999"},{"taxonomy":"post_tag","embeddable":true,"href":"https:\/\/archive.sana.sy\/tr\/index.php?rest_route=%2Fwp%2Fv2%2Ftags&post=283999"}],"curies":[{"name":"wp","href":"https:\/\/api.w.org\/{rel}","templated":true}]}}