{"id":2840,"date":"2014-06-11T16:23:10","date_gmt":"2014-06-11T13:23:10","guid":{"rendered":"http:\/\/sanasyria.org\/tr\/?p=2840"},"modified":"2014-06-12T09:45:13","modified_gmt":"2014-06-12T06:45:13","slug":"genel-af-ile-ilgili-uygulama-calismalari-hizla-basladi","status":"publish","type":"post","link":"https:\/\/archive.sana.sy\/tr\/?p=2840","title":{"rendered":"Genel Af \u0130le \u0130lgili Uygulama \u00c7al\u0131\u015fmalar\u0131 H\u0131zla Ba\u015flad\u0131"},"content":{"rendered":"<p><span style=\"color: #800000\">\u015eAM \u2013<\/span> \u015eam K\u0131rsal\u0131 Ba\u015fsavc\u0131s\u0131 Ziyad el Halebi; 9.06.2014 tarihinden \u00f6nce i\u015flenmi\u015f su\u00e7lara ili\u015fkin genel aff\u0131 i\u00e7eren 2014\/22 nolu yasan\u0131n yay\u0131nland\u0131\u011f\u0131 andan itibaren y\u00fcr\u00fcrl\u00fc\u011fe girdi\u011fini ve af kapsam\u0131na giren tutuklular\u0131n tahliye edilmeye ba\u015flad\u0131\u011f\u0131n\u0131 dile getirdi.<\/p>\n<p>Halebi SANA\u2019ya yapt\u0131\u011f\u0131 a\u00e7\u0131klamada; Genel Af Yasas\u0131n\u0131n kapsamad\u0131\u011f\u0131 su\u00e7lar\u0131n \u00e7ok az oldu\u011funa i\u015faret ederek h\u00fck\u00fcm giymi\u015f tutuklular\u0131n ise dosyalar\u0131n\u0131n mahkemeler taraf\u0131ndan incelenmesinden sonra af kapsam\u0131na girenlerin serbest b\u0131rak\u0131lacaklar\u0131n\u0131 belirtti.<\/p>\n<p>\u00d6te yandan \u015eam Ba\u015fsavc\u0131s\u0131 Ahmet el Bekri; genel af kapsam\u0131na giren tutuklular\u0131n bir k\u0131sm\u0131n\u0131n Genel Af Yasas\u0131n\u0131n yay\u0131nland\u0131\u011f\u0131 g\u00fcn itbaryle serbest b\u0131rak\u0131lmas\u0131 i\u00e7in i\u015flemlerinin tamamland\u0131\u011f\u0131na i\u015faret ederek geriye kalan b\u00fct\u00fcn tutuklu ve mahkumlar\u0131n durumlar\u0131n\u0131n incelenmesi ve af kapsam\u0131na girenlerle ilgili gerekli i\u015flemlerin yap\u0131lmas\u0131 i\u00e7in b\u00fct\u00fcn mahkeme, soru\u015fturma daireleri ve hukuk kurumlar\u0131nda \u00e7al\u0131\u015fmalar\u0131n h\u0131zla ba\u015flat\u0131ld\u0131\u011f\u0131n\u0131 beyan etti.<\/p>\n","protected":false},"excerpt":{"rendered":"<p>\u015eAM \u2013 \u015eam K\u0131rsal\u0131 Ba\u015fsavc\u0131s\u0131 Ziyad el Halebi; 9.06.2014 tarihinden \u00f6nce i\u015flenmi\u015f su\u00e7lara ili\u015fkin genel aff\u0131 i\u00e7eren 2014\/22 nolu yasan\u0131n yay\u0131nland\u0131\u011f\u0131 andan itibaren y\u00fcr\u00fcrl\u00fc\u011fe girdi\u011fini ve af kapsam\u0131na giren tutuklular\u0131n tahliye edilmeye ba\u015flad\u0131\u011f\u0131n\u0131 dile getirdi. Halebi SANA\u2019ya yapt\u0131\u011f\u0131 a\u00e7\u0131klamada; Genel Af Yasas\u0131n\u0131n kapsamad\u0131\u011f\u0131 su\u00e7lar\u0131n \u00e7ok az oldu\u011funa i\u015faret ederek h\u00fck\u00fcm giymi\u015f tutuklular\u0131n ise dosyalar\u0131n\u0131n mahkemeler &hellip;<\/p>\n","protected":false},"author":1,"featured_media":2853,"comment_status":"closed","ping_status":"closed","sticky":false,"template":"","format":"standard","meta":{"footnotes":""},"categories":[479,478],"tags":[636],"class_list":["post-2840","post","type-post","status-publish","format-standard","has-post-thumbnail","","category-haberler-yerel","category-yerel","tag-genel-af-ile-ilgili-uygulama-calismalari-hizla-basladi"],"_links":{"self":[{"href":"https:\/\/archive.sana.sy\/tr\/index.php?rest_route=\/wp\/v2\/posts\/2840","targetHints":{"allow":["GET"]}}],"collection":[{"href":"https:\/\/archive.sana.sy\/tr\/index.php?rest_route=\/wp\/v2\/posts"}],"about":[{"href":"https:\/\/archive.sana.sy\/tr\/index.php?rest_route=\/wp\/v2\/types\/post"}],"author":[{"embeddable":true,"href":"https:\/\/archive.sana.sy\/tr\/index.php?rest_route=\/wp\/v2\/users\/1"}],"replies":[{"embeddable":true,"href":"https:\/\/archive.sana.sy\/tr\/index.php?rest_route=%2Fwp%2Fv2%2Fcomments&post=2840"}],"version-history":[{"count":0,"href":"https:\/\/archive.sana.sy\/tr\/index.php?rest_route=\/wp\/v2\/posts\/2840\/revisions"}],"wp:featuredmedia":[{"embeddable":true,"href":"https:\/\/archive.sana.sy\/tr\/index.php?rest_route=\/wp\/v2\/media\/2853"}],"wp:attachment":[{"href":"https:\/\/archive.sana.sy\/tr\/index.php?rest_route=%2Fwp%2Fv2%2Fmedia&parent=2840"}],"wp:term":[{"taxonomy":"category","embeddable":true,"href":"https:\/\/archive.sana.sy\/tr\/index.php?rest_route=%2Fwp%2Fv2%2Fcategories&post=2840"},{"taxonomy":"post_tag","embeddable":true,"href":"https:\/\/archive.sana.sy\/tr\/index.php?rest_route=%2Fwp%2Fv2%2Ftags&post=2840"}],"curies":[{"name":"wp","href":"https:\/\/api.w.org\/{rel}","templated":true}]}}