{"id":284006,"date":"2023-07-09T14:00:35","date_gmt":"2023-07-09T11:00:35","guid":{"rendered":"https:\/\/sana.sy\/tr\/?p=284006"},"modified":"2023-07-10T08:21:03","modified_gmt":"2023-07-10T05:21:03","slug":"slovakya-polonyada-nukleer-silah-konuslandirmayi-reddetti","status":"publish","type":"post","link":"https:\/\/archive.sana.sy\/tr\/?p=284006","title":{"rendered":"Slovakya, Polonya&#8217;da N\u00fckleer Silah Konu\u015fland\u0131rmay\u0131 Reddetti"},"content":{"rendered":"<p><span style=\"color: #800000;\"><strong>BRATISLAVA<\/strong><\/span>-Slovakya Savunma Bakan\u0131 Martin Sklenar, \u00fclkesinin Orta Avrupa&#8217;da n\u00fckleer silah konu\u015fland\u0131rmay\u0131 reddetti\u011fini a\u00e7\u0131klayarak, b\u00f6yle bir \u00f6nlemin hi\u00e7bir gerek\u00e7esi olmad\u0131\u011f\u0131n\u0131 vurgulad\u0131.<\/p>\n<p>Russia Today&#8217;e g\u00f6re Sklenar, Slovak elektronik gazetesi Pravda ile yapt\u0131\u011f\u0131 r\u00f6portajda, \u2018\u2019\u015eu anda b\u00f6lgede n\u00fckleer silah konu\u015fland\u0131r\u0131lmas\u0131 i\u00e7in herhangi bir neden g\u00f6rm\u00fcyoruz ve Polonya makamlar\u0131na neden kendi topraklar\u0131nda n\u00fckleer silah konu\u015fland\u0131r\u0131lmas\u0131n\u0131 talep ettiklerini sorman\u0131z\u0131 tavsiye ediyoruz\u2019\u2019 ifadelerini kulland\u0131.<\/p>\n<p>R.M<\/p>\n<p><a href=\"https:\/\/t.me\/SuriyeArapHaberAjansI\">Telegram Kanal\u0131m\u0131z\u00a0<\/a><\/p>\n<p><a href=\"https:\/\/www.facebook.com\/SANAHaberAjansi\/\">Facebook Sayfam\u0131z<\/a><\/p>\n<p><a href=\"https:\/\/twitter.com\/arap_ajans\">Twitter Hesab\u0131m\u0131z<\/a><\/p>\n","protected":false},"excerpt":{"rendered":"<p>BRATISLAVA-Slovakya Savunma Bakan\u0131 Martin Sklenar, \u00fclkesinin Orta Avrupa&#8217;da n\u00fckleer silah konu\u015fland\u0131rmay\u0131 reddetti\u011fini a\u00e7\u0131klayarak, b\u00f6yle bir \u00f6nlemin hi\u00e7bir gerek\u00e7esi olmad\u0131\u011f\u0131n\u0131 vurgulad\u0131. Russia Today&#8217;e g\u00f6re Sklenar, Slovak elektronik gazetesi Pravda ile yapt\u0131\u011f\u0131 r\u00f6portajda, \u2018\u2019\u015eu anda b\u00f6lgede n\u00fckleer silah konu\u015fland\u0131r\u0131lmas\u0131 i\u00e7in herhangi bir neden g\u00f6rm\u00fcyoruz ve Polonya makamlar\u0131na neden kendi topraklar\u0131nda n\u00fckleer silah konu\u015fland\u0131r\u0131lmas\u0131n\u0131 talep ettiklerini sorman\u0131z\u0131 tavsiye &hellip;<\/p>\n","protected":false},"author":41,"featured_media":284007,"comment_status":"closed","ping_status":"closed","sticky":false,"template":"","format":"standard","meta":{"footnotes":""},"categories":[558,556,458,459,17988],"tags":[38575,33208,38573,38379,38574,20187],"class_list":["post-284006","post","type-post","status-publish","format-standard","has-post-thumbnail","","category-arap-basini","category-basin","category-dunya1","category-haberler-arap-uluslararasi-politika","category-son-haberler","tag-lovak-elektronik-gazetesi-pravda","tag-nukleer-silah","tag-polonyada-nukleer-silah-konuslandirmayi-reddetti","tag-r-m-telegram-kanalimiz-facebook-sayfamiz-twitter-hesabimiz","tag-russia-today","tag-slovakya"],"_links":{"self":[{"href":"https:\/\/archive.sana.sy\/tr\/index.php?rest_route=\/wp\/v2\/posts\/284006","targetHints":{"allow":["GET"]}}],"collection":[{"href":"https:\/\/archive.sana.sy\/tr\/index.php?rest_route=\/wp\/v2\/posts"}],"about":[{"href":"https:\/\/archive.sana.sy\/tr\/index.php?rest_route=\/wp\/v2\/types\/post"}],"author":[{"embeddable":true,"href":"https:\/\/archive.sana.sy\/tr\/index.php?rest_route=\/wp\/v2\/users\/41"}],"replies":[{"embeddable":true,"href":"https:\/\/archive.sana.sy\/tr\/index.php?rest_route=%2Fwp%2Fv2%2Fcomments&post=284006"}],"version-history":[{"count":2,"href":"https:\/\/archive.sana.sy\/tr\/index.php?rest_route=\/wp\/v2\/posts\/284006\/revisions"}],"predecessor-version":[{"id":284021,"href":"https:\/\/archive.sana.sy\/tr\/index.php?rest_route=\/wp\/v2\/posts\/284006\/revisions\/284021"}],"wp:featuredmedia":[{"embeddable":true,"href":"https:\/\/archive.sana.sy\/tr\/index.php?rest_route=\/wp\/v2\/media\/284007"}],"wp:attachment":[{"href":"https:\/\/archive.sana.sy\/tr\/index.php?rest_route=%2Fwp%2Fv2%2Fmedia&parent=284006"}],"wp:term":[{"taxonomy":"category","embeddable":true,"href":"https:\/\/archive.sana.sy\/tr\/index.php?rest_route=%2Fwp%2Fv2%2Fcategories&post=284006"},{"taxonomy":"post_tag","embeddable":true,"href":"https:\/\/archive.sana.sy\/tr\/index.php?rest_route=%2Fwp%2Fv2%2Ftags&post=284006"}],"curies":[{"name":"wp","href":"https:\/\/api.w.org\/{rel}","templated":true}]}}