{"id":284009,"date":"2023-07-09T15:33:53","date_gmt":"2023-07-09T12:33:53","guid":{"rendered":"https:\/\/sana.sy\/tr\/?p=284009"},"modified":"2023-07-09T15:33:53","modified_gmt":"2023-07-09T12:33:53","slug":"cumhurbaskani-esad-busamanin-cezayir-cumhuriyetinin-olaganustu-buyukelcisi-ve-tam-yetkili-temsilcisi-olarak-guven-mektubunu-kabul-etti-2","status":"publish","type":"post","link":"https:\/\/archive.sana.sy\/tr\/?p=284009","title":{"rendered":"Cumhurba\u015fkan\u0131 Esad, Bu\u015fama\u2019n\u0131n Cezayir Cumhuriyeti\u2019nin Ola\u011fan\u00fcst\u00fc B\u00fcy\u00fckel\u00e7isi Ve Tam Yetkili Temsilcisi Olarak G\u00fcven Mektubunu Kabul Etti"},"content":{"rendered":"<div id='gallery-1' class='gallery galleryid-284009 gallery-columns-1 gallery-size-full'><figure class='gallery-item'>\n\t\t\t<div class='gallery-icon landscape'>\n\t\t\t\t<a href='https:\/\/archive.sana.sy\/tr\/?attachment_id=283994'><img loading=\"lazy\" decoding=\"async\" width=\"1200\" height=\"803\" src=\"https:\/\/archive.sana.sy\/tr\/wp-content\/uploads\/2023\/07\/photo_2023-07-09_14-03-55.jpg\" class=\"attachment-full size-full\" alt=\"\" srcset=\"https:\/\/archive.sana.sy\/tr\/wp-content\/uploads\/2023\/07\/photo_2023-07-09_14-03-55.jpg 1200w, https:\/\/archive.sana.sy\/tr\/wp-content\/uploads\/2023\/07\/photo_2023-07-09_14-03-55-300x201.jpg 300w, https:\/\/archive.sana.sy\/tr\/wp-content\/uploads\/2023\/07\/photo_2023-07-09_14-03-55-1024x685.jpg 1024w, https:\/\/archive.sana.sy\/tr\/wp-content\/uploads\/2023\/07\/photo_2023-07-09_14-03-55-768x514.jpg 768w, https:\/\/archive.sana.sy\/tr\/wp-content\/uploads\/2023\/07\/photo_2023-07-09_14-03-55-110x75.jpg 110w\" sizes=\"auto, (max-width: 1200px) 100vw, 1200px\" \/><\/a>\n\t\t\t<\/div><\/figure>\n\t\t<\/div>\n\n","protected":false},"excerpt":{"rendered":"","protected":false},"author":41,"featured_media":283992,"comment_status":"closed","ping_status":"closed","sticky":false,"template":"","format":"standard","meta":{"footnotes":""},"categories":[6459],"tags":[38576,38219],"class_list":["post-284009","post","type-post","status-publish","format-standard","has-post-thumbnail","","category-sana-fotolarl","tag-busamanin-cezayir-cumhuriyetinin-olaganustu-buyukelcisi-ve-tam-yetkili-temsilcisi-olarak-guven-mektubunu-kabul-etti","tag-cumhurbaskani-esad"],"_links":{"self":[{"href":"https:\/\/archive.sana.sy\/tr\/index.php?rest_route=\/wp\/v2\/posts\/284009","targetHints":{"allow":["GET"]}}],"collection":[{"href":"https:\/\/archive.sana.sy\/tr\/index.php?rest_route=\/wp\/v2\/posts"}],"about":[{"href":"https:\/\/archive.sana.sy\/tr\/index.php?rest_route=\/wp\/v2\/types\/post"}],"author":[{"embeddable":true,"href":"https:\/\/archive.sana.sy\/tr\/index.php?rest_route=\/wp\/v2\/users\/41"}],"replies":[{"embeddable":true,"href":"https:\/\/archive.sana.sy\/tr\/index.php?rest_route=%2Fwp%2Fv2%2Fcomments&post=284009"}],"version-history":[{"count":1,"href":"https:\/\/archive.sana.sy\/tr\/index.php?rest_route=\/wp\/v2\/posts\/284009\/revisions"}],"predecessor-version":[{"id":284010,"href":"https:\/\/archive.sana.sy\/tr\/index.php?rest_route=\/wp\/v2\/posts\/284009\/revisions\/284010"}],"wp:featuredmedia":[{"embeddable":true,"href":"https:\/\/archive.sana.sy\/tr\/index.php?rest_route=\/wp\/v2\/media\/283992"}],"wp:attachment":[{"href":"https:\/\/archive.sana.sy\/tr\/index.php?rest_route=%2Fwp%2Fv2%2Fmedia&parent=284009"}],"wp:term":[{"taxonomy":"category","embeddable":true,"href":"https:\/\/archive.sana.sy\/tr\/index.php?rest_route=%2Fwp%2Fv2%2Fcategories&post=284009"},{"taxonomy":"post_tag","embeddable":true,"href":"https:\/\/archive.sana.sy\/tr\/index.php?rest_route=%2Fwp%2Fv2%2Ftags&post=284009"}],"curies":[{"name":"wp","href":"https:\/\/api.w.org\/{rel}","templated":true}]}}