{"id":284026,"date":"2023-07-09T15:52:14","date_gmt":"2023-07-09T12:52:14","guid":{"rendered":"https:\/\/sana.sy\/tr\/?p=284026"},"modified":"2023-07-10T08:21:51","modified_gmt":"2023-07-10T05:21:51","slug":"israilli-yerlesimciler-nablusun-guneyinde-onlarca-donum-tarim-arazisini-yakti","status":"publish","type":"post","link":"https:\/\/archive.sana.sy\/tr\/?p=284026","title":{"rendered":"\u0130srailli Yerle\u015fimciler Nablus&#8217;un G\u00fcneyinde Onlarca D\u00f6n\u00fcm Tar\u0131m Arazisini Yakt\u0131"},"content":{"rendered":"<p><span style=\"color: #800000;\"><strong>\u0130\u015eGAL ED\u0130LEN KUD\u00dcS<\/strong><\/span> &#8211; Bug\u00fcn \u0130srailli yerle\u015fimciler, Bat\u0131 \u015eeria&#8217;daki Nablus&#8217;un Elleben El \u015earkiye k\u00f6y\u00fcnde onlarca d\u00f6n\u00fcm Filistinli tar\u0131m arazisini yakt\u0131.<\/p>\n<p>El Leben El \u015earkiye Belediyesi Meslisi Ba\u015fkan\u0131 \u00a0Yakyp Uveyis, WAFA haber ajans\u0131na vedi\u011fi deme\u00e7tr, \u00a0\u2018\u2019Baz\u0131 yerle\u015fimciler, tar\u0131m \u00fcr\u00fcnleri ekili d\u00fczinelerce d\u00f6n\u00fcm\u00fc ve onlarca zeytin a\u011fac\u0131n\u0131 ate\u015fe verdi\u2019\u2019 dedi.<\/p>\n<p>Uveyis ayr\u0131ca, uluslararas\u0131 ve insan haklar\u0131 kurumlar\u0131n\u0131 acilen m\u00fcdahale etmeye, yerle\u015fimcilerin k\u00f6ye, Filistin m\u00fclklerine ve tar\u0131m arazilerine y\u00f6nelik tekrarlanan sald\u0131r\u0131lar\u0131n\u0131 durdurmaya \u00e7a\u011f\u0131rd\u0131.<\/p>\n<p>R.M<\/p>\n<p><a href=\"https:\/\/t.me\/SuriyeArapHaberAjansI\">Telegram Kanal\u0131m\u0131z\u00a0<\/a><\/p>\n<p><a href=\"https:\/\/www.facebook.com\/SANAHaberAjansi\/\">Facebook Sayfam\u0131z<\/a><\/p>\n<p><a href=\"https:\/\/twitter.com\/arap_ajans\">Twitter Hesab\u0131m\u0131z<\/a><\/p>\n","protected":false},"excerpt":{"rendered":"<p>\u0130\u015eGAL ED\u0130LEN KUD\u00dcS &#8211; Bug\u00fcn \u0130srailli yerle\u015fimciler, Bat\u0131 \u015eeria&#8217;daki Nablus&#8217;un Elleben El \u015earkiye k\u00f6y\u00fcnde onlarca d\u00f6n\u00fcm Filistinli tar\u0131m arazisini yakt\u0131. El Leben El \u015earkiye Belediyesi Meslisi Ba\u015fkan\u0131 \u00a0Yakyp Uveyis, WAFA haber ajans\u0131na vedi\u011fi deme\u00e7tr, \u00a0\u2018\u2019Baz\u0131 yerle\u015fimciler, tar\u0131m \u00fcr\u00fcnleri ekili d\u00fczinelerce d\u00f6n\u00fcm\u00fc ve onlarca zeytin a\u011fac\u0131n\u0131 ate\u015fe verdi\u2019\u2019 dedi. Uveyis ayr\u0131ca, uluslararas\u0131 ve insan haklar\u0131 kurumlar\u0131n\u0131 &hellip;<\/p>\n","protected":false},"author":41,"featured_media":284027,"comment_status":"closed","ping_status":"closed","sticky":false,"template":"","format":"standard","meta":{"footnotes":""},"categories":[458,459,17988],"tags":[38587,38390,38586,38550],"class_list":["post-284026","post","type-post","status-publish","format-standard","has-post-thumbnail","","category-dunya1","category-haberler-arap-uluslararasi-politika","category-son-haberler","tag-filistinda-son-durum","tag-isgal-edilen-kudus","tag-israilli-yerlesimciler-nablusun-guneyinde-onlarca-donum-tarim-arazisini-yakti","tag-wafa-haber-ajansi"],"_links":{"self":[{"href":"https:\/\/archive.sana.sy\/tr\/index.php?rest_route=\/wp\/v2\/posts\/284026","targetHints":{"allow":["GET"]}}],"collection":[{"href":"https:\/\/archive.sana.sy\/tr\/index.php?rest_route=\/wp\/v2\/posts"}],"about":[{"href":"https:\/\/archive.sana.sy\/tr\/index.php?rest_route=\/wp\/v2\/types\/post"}],"author":[{"embeddable":true,"href":"https:\/\/archive.sana.sy\/tr\/index.php?rest_route=\/wp\/v2\/users\/41"}],"replies":[{"embeddable":true,"href":"https:\/\/archive.sana.sy\/tr\/index.php?rest_route=%2Fwp%2Fv2%2Fcomments&post=284026"}],"version-history":[{"count":2,"href":"https:\/\/archive.sana.sy\/tr\/index.php?rest_route=\/wp\/v2\/posts\/284026\/revisions"}],"predecessor-version":[{"id":284042,"href":"https:\/\/archive.sana.sy\/tr\/index.php?rest_route=\/wp\/v2\/posts\/284026\/revisions\/284042"}],"wp:featuredmedia":[{"embeddable":true,"href":"https:\/\/archive.sana.sy\/tr\/index.php?rest_route=\/wp\/v2\/media\/284027"}],"wp:attachment":[{"href":"https:\/\/archive.sana.sy\/tr\/index.php?rest_route=%2Fwp%2Fv2%2Fmedia&parent=284026"}],"wp:term":[{"taxonomy":"category","embeddable":true,"href":"https:\/\/archive.sana.sy\/tr\/index.php?rest_route=%2Fwp%2Fv2%2Fcategories&post=284026"},{"taxonomy":"post_tag","embeddable":true,"href":"https:\/\/archive.sana.sy\/tr\/index.php?rest_route=%2Fwp%2Fv2%2Ftags&post=284026"}],"curies":[{"name":"wp","href":"https:\/\/api.w.org\/{rel}","templated":true}]}}