{"id":284037,"date":"2023-07-09T18:31:22","date_gmt":"2023-07-09T15:31:22","guid":{"rendered":"https:\/\/sana.sy\/tr\/?p=284037"},"modified":"2023-07-10T08:22:12","modified_gmt":"2023-07-10T05:22:12","slug":"suriyeli-kadin-bisiklet-takimi-cezayirde-duzenlenen-arap-turnuvasinda-ikinci-oldu","status":"publish","type":"post","link":"https:\/\/archive.sana.sy\/tr\/?p=284037","title":{"rendered":"Suriyeli Kad\u0131n Bisiklet Tak\u0131m\u0131 Cezayir&#8217;de d\u00fczenlenen Arap Turnuvas\u0131nda \u0130kinci Oldu"},"content":{"rendered":"<p><span style=\"color: #800000;\"><strong>CEZAY\u0130R<\/strong> &#8211; <\/span>Cezayir&#8217;de d\u00fczenlenen Arap Spor Oyunlar\u0131&#8217;nda bisiklet tak\u0131m\u0131m\u0131z\u0131n bayanlar kategorisinde ikincili\u011fi elde etti\u011fi Suriye sporlar\u0131 parlamaya devam ediyor<\/p>\n<p>Tak\u0131m\u0131m\u0131z, zamana kar\u015f\u0131 yap\u0131lan tak\u0131m m\u00fcsabakas\u0131nda bug\u00fcn g\u00fcm\u00fc\u015f madalya alarak ikinci s\u0131ray\u0131 elde etmi\u015ftir.<\/p>\n<p>R.M<\/p>\n<p><a href=\"https:\/\/t.me\/SuriyeArapHaberAjansI\">Telegram Kanal\u0131m\u0131z\u00a0<\/a><\/p>\n<p><a href=\"https:\/\/www.facebook.com\/SANAHaberAjansi\/\">Facebook Sayfam\u0131z<\/a><\/p>\n<p><a href=\"https:\/\/twitter.com\/arap_ajans\">Twitter Hesab\u0131m\u0131z<\/a><\/p>\n","protected":false},"excerpt":{"rendered":"<p>CEZAY\u0130R &#8211; Cezayir&#8217;de d\u00fczenlenen Arap Spor Oyunlar\u0131&#8217;nda bisiklet tak\u0131m\u0131m\u0131z\u0131n bayanlar kategorisinde ikincili\u011fi elde etti\u011fi Suriye sporlar\u0131 parlamaya devam ediyor Tak\u0131m\u0131m\u0131z, zamana kar\u015f\u0131 yap\u0131lan tak\u0131m m\u00fcsabakas\u0131nda bug\u00fcn g\u00fcm\u00fc\u015f madalya alarak ikinci s\u0131ray\u0131 elde etmi\u015ftir. R.M Telegram Kanal\u0131m\u0131z\u00a0 Facebook Sayfam\u0131z Twitter Hesab\u0131m\u0131z<\/p>\n","protected":false},"author":41,"featured_media":284039,"comment_status":"closed","ping_status":"closed","sticky":false,"template":"","format":"standard","meta":{"footnotes":""},"categories":[458,498,459,496],"tags":[19043,38427,38594,24911],"class_list":["post-284037","post","type-post","status-publish","format-standard","has-post-thumbnail","","category-dunya1","category-dunya-turnuvalari","category-haberler-arap-uluslararasi-politika","category-spor","tag-suriyede-son-durum","tag-suriyede-spor-durumu","tag-suriyenin-guluk-durumu","tag-suriyede-son-gelismeler"],"_links":{"self":[{"href":"https:\/\/archive.sana.sy\/tr\/index.php?rest_route=\/wp\/v2\/posts\/284037","targetHints":{"allow":["GET"]}}],"collection":[{"href":"https:\/\/archive.sana.sy\/tr\/index.php?rest_route=\/wp\/v2\/posts"}],"about":[{"href":"https:\/\/archive.sana.sy\/tr\/index.php?rest_route=\/wp\/v2\/types\/post"}],"author":[{"embeddable":true,"href":"https:\/\/archive.sana.sy\/tr\/index.php?rest_route=\/wp\/v2\/users\/41"}],"replies":[{"embeddable":true,"href":"https:\/\/archive.sana.sy\/tr\/index.php?rest_route=%2Fwp%2Fv2%2Fcomments&post=284037"}],"version-history":[{"count":3,"href":"https:\/\/archive.sana.sy\/tr\/index.php?rest_route=\/wp\/v2\/posts\/284037\/revisions"}],"predecessor-version":[{"id":284041,"href":"https:\/\/archive.sana.sy\/tr\/index.php?rest_route=\/wp\/v2\/posts\/284037\/revisions\/284041"}],"wp:featuredmedia":[{"embeddable":true,"href":"https:\/\/archive.sana.sy\/tr\/index.php?rest_route=\/wp\/v2\/media\/284039"}],"wp:attachment":[{"href":"https:\/\/archive.sana.sy\/tr\/index.php?rest_route=%2Fwp%2Fv2%2Fmedia&parent=284037"}],"wp:term":[{"taxonomy":"category","embeddable":true,"href":"https:\/\/archive.sana.sy\/tr\/index.php?rest_route=%2Fwp%2Fv2%2Fcategories&post=284037"},{"taxonomy":"post_tag","embeddable":true,"href":"https:\/\/archive.sana.sy\/tr\/index.php?rest_route=%2Fwp%2Fv2%2Ftags&post=284037"}],"curies":[{"name":"wp","href":"https:\/\/api.w.org\/{rel}","templated":true}]}}