{"id":284057,"date":"2023-07-10T11:11:19","date_gmt":"2023-07-10T08:11:19","guid":{"rendered":"https:\/\/sana.sy\/tr\/?p=284057"},"modified":"2023-07-13T08:06:34","modified_gmt":"2023-07-13T05:06:34","slug":"rusya-amerika-ukraynada-savas-suclari-isledigini-itiraf-etti","status":"publish","type":"post","link":"https:\/\/archive.sana.sy\/tr\/?p=284057","title":{"rendered":"Rusya: Amerika Ukrayna&#8217;da Sava\u015f Su\u00e7lar\u0131 \u0130\u015fledi\u011fini \u0130tiraf Etti"},"content":{"rendered":"<p><span style=\"color: #800000;\"><strong>MOSKOVA<\/strong> <\/span>&#8211; Va\u015fington&#8217;daki Rusya B\u00fcy\u00fckel\u00e7ili\u011fi, ABD&#8217;nin misket bombalar\u0131n\u0131n Kiev&#8217;e nakledilmesine ili\u015fkin a\u00e7\u0131klamalar\u0131n\u0131n Ukrayna&#8217;daki sava\u015f su\u00e7lar\u0131n\u0131n itiraf\u0131 oldu\u011funu vurgulad\u0131.<\/p>\n<p>Russia Today&#8217;e g\u00f6re b\u00fcy\u00fckel\u00e7ilik bug\u00fcn yapt\u0131\u011f\u0131 a\u00e7\u0131klamada, \u201cUkrayna&#8217;ya misket bombas\u0131 tedariki ile ilgili olarak Beyaz Saray&#8217;daki Ulusal G\u00fcvenlik Konseyi Stratejik \u0130leti\u015fim Koordinat\u00f6r\u00fc John Kirby&#8217;nin a\u00e7\u0131klamalar\u0131n\u0131 dikkate ald\u0131k. Yetkili, ABD&#8217;nin Ukrayna ihtilaf\u0131 s\u0131ras\u0131nda sava\u015f su\u00e7lar\u0131 i\u015fledi\u011fini fiili olarak kabul etti ve ABD misket silahlar\u0131 nedeniyle sivillerin \u00f6lece\u011fini a\u00e7\u0131k\u00e7a itiraf etti&#8221; ifadelerini kulland\u0131.<\/p>\n<p><a href=\"https:\/\/t.me\/SuriyeArapHaberAjansI\">Telegram Kanal\u0131m\u0131z\u00a0<\/a><\/p>\n<p><a href=\"https:\/\/www.facebook.com\/SANAHaberAjansi\/\">Facebook Sayfam\u0131z<\/a><\/p>\n<p><a href=\"https:\/\/twitter.com\/arap_ajans\">Twitter Hesab\u0131m\u0131z<\/a><\/p>\n","protected":false},"excerpt":{"rendered":"<p>MOSKOVA &#8211; Va\u015fington&#8217;daki Rusya B\u00fcy\u00fckel\u00e7ili\u011fi, ABD&#8217;nin misket bombalar\u0131n\u0131n Kiev&#8217;e nakledilmesine ili\u015fkin a\u00e7\u0131klamalar\u0131n\u0131n Ukrayna&#8217;daki sava\u015f su\u00e7lar\u0131n\u0131n itiraf\u0131 oldu\u011funu vurgulad\u0131. Russia Today&#8217;e g\u00f6re b\u00fcy\u00fckel\u00e7ilik bug\u00fcn yapt\u0131\u011f\u0131 a\u00e7\u0131klamada, \u201cUkrayna&#8217;ya misket bombas\u0131 tedariki ile ilgili olarak Beyaz Saray&#8217;daki Ulusal G\u00fcvenlik Konseyi Stratejik \u0130leti\u015fim Koordinat\u00f6r\u00fc John Kirby&#8217;nin a\u00e7\u0131klamalar\u0131n\u0131 dikkate ald\u0131k. Yetkili, ABD&#8217;nin Ukrayna ihtilaf\u0131 s\u0131ras\u0131nda sava\u015f su\u00e7lar\u0131 i\u015fledi\u011fini fiili olarak &hellip;<\/p>\n","protected":false},"author":41,"featured_media":284058,"comment_status":"closed","ping_status":"closed","sticky":false,"template":"","format":"standard","meta":{"footnotes":""},"categories":[458,459,17988],"tags":[],"class_list":["post-284057","post","type-post","status-publish","format-standard","has-post-thumbnail","","category-dunya1","category-haberler-arap-uluslararasi-politika","category-son-haberler"],"_links":{"self":[{"href":"https:\/\/archive.sana.sy\/tr\/index.php?rest_route=\/wp\/v2\/posts\/284057","targetHints":{"allow":["GET"]}}],"collection":[{"href":"https:\/\/archive.sana.sy\/tr\/index.php?rest_route=\/wp\/v2\/posts"}],"about":[{"href":"https:\/\/archive.sana.sy\/tr\/index.php?rest_route=\/wp\/v2\/types\/post"}],"author":[{"embeddable":true,"href":"https:\/\/archive.sana.sy\/tr\/index.php?rest_route=\/wp\/v2\/users\/41"}],"replies":[{"embeddable":true,"href":"https:\/\/archive.sana.sy\/tr\/index.php?rest_route=%2Fwp%2Fv2%2Fcomments&post=284057"}],"version-history":[{"count":2,"href":"https:\/\/archive.sana.sy\/tr\/index.php?rest_route=\/wp\/v2\/posts\/284057\/revisions"}],"predecessor-version":[{"id":284063,"href":"https:\/\/archive.sana.sy\/tr\/index.php?rest_route=\/wp\/v2\/posts\/284057\/revisions\/284063"}],"wp:featuredmedia":[{"embeddable":true,"href":"https:\/\/archive.sana.sy\/tr\/index.php?rest_route=\/wp\/v2\/media\/284058"}],"wp:attachment":[{"href":"https:\/\/archive.sana.sy\/tr\/index.php?rest_route=%2Fwp%2Fv2%2Fmedia&parent=284057"}],"wp:term":[{"taxonomy":"category","embeddable":true,"href":"https:\/\/archive.sana.sy\/tr\/index.php?rest_route=%2Fwp%2Fv2%2Fcategories&post=284057"},{"taxonomy":"post_tag","embeddable":true,"href":"https:\/\/archive.sana.sy\/tr\/index.php?rest_route=%2Fwp%2Fv2%2Ftags&post=284057"}],"curies":[{"name":"wp","href":"https:\/\/api.w.org\/{rel}","templated":true}]}}