{"id":284068,"date":"2023-07-10T17:20:39","date_gmt":"2023-07-10T14:20:39","guid":{"rendered":"https:\/\/sana.sy\/tr\/?p=284068"},"modified":"2023-07-11T12:50:59","modified_gmt":"2023-07-11T09:50:59","slug":"sabbagdan-samda-iran-buyukelcisine-cesitli-alanlarda-ikili-isbirligi-guclendirilmeli","status":"publish","type":"post","link":"https:\/\/archive.sana.sy\/tr\/?p=284068","title":{"rendered":"Sabba\u011f\u2019dan, \u015eam&#8217;da \u0130ran B\u00fcy\u00fckel\u00e7isine: \u00c7e\u015fitli Alanlarda \u0130kili \u0130\u015fbirli\u011fi G\u00fc\u00e7lendirilmeli"},"content":{"rendered":"<p><span style=\"color: #800000;\"><strong>\u015eAM<\/strong> <\/span>&#8211; Meclis Ba\u015fkan\u0131 Hammuda Sabba\u011f, \u00fclkesinin Suriye B\u00fcy\u00fckel\u00e7isi olarak g\u00f6reve ba\u015flamas\u0131 vesilesiyle bug\u00fcn <img loading=\"lazy\" decoding=\"async\" class=\"size-full wp-image-284070 alignright\" src=\"http:\/\/sana.sy\/tr\/wp-content\/uploads\/2023\/07\/DSC_9946-1-300x200-1.jpg\" alt=\"\" width=\"300\" height=\"200\" \/>\u0130ran \u0130slam Cumhuriyeti&#8217;nin \u015eam B\u00fcy\u00fckel\u00e7isi H\u00fcseyin Akbari ile bir araya geldi.<\/p>\n<p>Sabba\u011f, iki dost \u00fclke aras\u0131ndaki g\u00fc\u00e7l\u00fc ve s\u00fcrekli yenilenen ili\u015fkilerin derinli\u011fini ve \u00f6zellikle \u0130ran&#8217;daki Halk Meclisi ile \u0130slami \u015eura Konseyi aras\u0131ndaki ili\u015fkileri \u00e7e\u015fitli y\u00f6nlerden g\u00fc\u00e7lendirme gere\u011fini vurgulayarak, b\u00fcy\u00fckel\u00e7i Akbari&#8217;ye yeni g\u00f6revlerinde ba\u015far\u0131lar diledi.<\/p>\n<p>Meclis Ba\u015fkan\u0131, \u0130ran&#8217;\u0131n Suriye&#8217;yi, egemenli\u011fini, toprak b\u00fct\u00fcnl\u00fc\u011f\u00fcn\u00fc ve halk\u0131n\u0131n ba\u011f\u0131ms\u0131zl\u0131\u011f\u0131n\u0131 destekleme pozisyonlar\u0131na son derece de\u011fer vererek, Suriye&#8217;nin bug\u00fcn ter\u00f6re kar\u015f\u0131 nihai zafere ula\u015fmak i\u00e7in g\u00fc\u00e7lenerek ilerledi\u011fini vurgulad\u0131.<\/p>\n<p>Akbari ise, \u0130ran ve Suriye&#8217;nin, \u0130ran ve Suriye halklar\u0131n\u0131n kimli\u011fini ve aidiyetini hedef alan \u015fer ve sald\u0131rgan g\u00fc\u00e7lere kar\u015f\u0131 \u00e7\u0131karak, birlikte onurlar\u0131n\u0131 ve ba\u011f\u0131ms\u0131z egemenlik kararlar\u0131n\u0131 koruyabileceklerini vurgularken, direni\u015f ekseninin bug\u00fcn ba\u015fka bir sava\u015f t\u00fcr\u00fcyle, ekonomik sava\u015fla kar\u015f\u0131 kar\u015f\u0131ya oldu\u011funa i\u015faret etti.<\/p>\n<p>Akbari ayr\u0131ca, iki \u00fclke aras\u0131nda imzalanan anla\u015fmalar ve mutabakat zapt\u0131 uyar\u0131nca ortak ekonomik projelerin uygulanmas\u0131na h\u0131z vererek, iki \u00fclkenin d\u00fc\u015fmanlar\u0131n planlar\u0131na kar\u015f\u0131 koymak i\u00e7in h\u0131zl\u0131 ad\u0131mlarla ilerledi\u011fine i\u015faret etti.<\/p>\n<div id='gallery-1' class='gallery galleryid-284068 gallery-columns-2 gallery-size-medium'><figure class='gallery-item'>\n\t\t\t<div class='gallery-icon landscape'>\n\t\t\t\t<a href='https:\/\/archive.sana.sy\/tr\/?attachment_id=284071'><img loading=\"lazy\" decoding=\"async\" width=\"300\" height=\"192\" src=\"https:\/\/archive.sana.sy\/tr\/wp-content\/uploads\/2023\/07\/DSC_9988-300x192.jpg\" class=\"attachment-medium size-medium\" alt=\"\" srcset=\"https:\/\/archive.sana.sy\/tr\/wp-content\/uploads\/2023\/07\/DSC_9988-300x192.jpg 300w, https:\/\/archive.sana.sy\/tr\/wp-content\/uploads\/2023\/07\/DSC_9988.jpg 660w\" sizes=\"auto, (max-width: 300px) 100vw, 300px\" \/><\/a>\n\t\t\t<\/div><\/figure><figure class='gallery-item'>\n\t\t\t<div class='gallery-icon landscape'>\n\t\t\t\t<a href='https:\/\/archive.sana.sy\/tr\/?attachment_id=284072'><img loading=\"lazy\" decoding=\"async\" width=\"300\" height=\"200\" src=\"https:\/\/archive.sana.sy\/tr\/wp-content\/uploads\/2023\/07\/1-5-300x200.jpg\" class=\"attachment-medium size-medium\" alt=\"\" srcset=\"https:\/\/archive.sana.sy\/tr\/wp-content\/uploads\/2023\/07\/1-5-300x200.jpg 300w, https:\/\/archive.sana.sy\/tr\/wp-content\/uploads\/2023\/07\/1-5.jpg 660w\" sizes=\"auto, (max-width: 300px) 100vw, 300px\" \/><\/a>\n\t\t\t<\/div><\/figure>\n\t\t<\/div>\n\n<p><a href=\"https:\/\/t.me\/SuriyeArapHaberAjansI\">Telegram Kanal\u0131m\u0131z\u00a0<\/a><\/p>\n<p><a href=\"https:\/\/www.facebook.com\/SANAHaberAjansi\/\">Facebook Sayfam\u0131z<\/a><\/p>\n<p><a href=\"https:\/\/twitter.com\/arap_ajans\">Twitter Hesab\u0131m\u0131z<\/a><\/p>\n","protected":false},"excerpt":{"rendered":"<p>\u015eAM &#8211; Meclis Ba\u015fkan\u0131 Hammuda Sabba\u011f, \u00fclkesinin Suriye B\u00fcy\u00fckel\u00e7isi olarak g\u00f6reve ba\u015flamas\u0131 vesilesiyle bug\u00fcn \u0130ran \u0130slam Cumhuriyeti&#8217;nin \u015eam B\u00fcy\u00fckel\u00e7isi H\u00fcseyin Akbari ile bir araya geldi. Sabba\u011f, iki dost \u00fclke aras\u0131ndaki g\u00fc\u00e7l\u00fc ve s\u00fcrekli yenilenen ili\u015fkilerin derinli\u011fini ve \u00f6zellikle \u0130ran&#8217;daki Halk Meclisi ile \u0130slami \u015eura Konseyi aras\u0131ndaki ili\u015fkileri \u00e7e\u015fitli y\u00f6nlerden g\u00fc\u00e7lendirme gere\u011fini vurgulayarak, b\u00fcy\u00fckel\u00e7i Akbari&#8217;ye yeni &hellip;<\/p>\n","protected":false},"author":41,"featured_media":284069,"comment_status":"closed","ping_status":"closed","sticky":false,"template":"","format":"standard","meta":{"footnotes":""},"categories":[479,17988,478],"tags":[38604,38602,38603,24076],"class_list":["post-284068","post","type-post","status-publish","format-standard","has-post-thumbnail","","category-haberler-yerel","category-son-haberler","category-yerel","tag-meclis-baskani-hammuda-sabbag","tag-sabbagdan","tag-samda-iran-buyukelcisine-cesitli-alanlarda-ikili-isbirligi-guclendirilmeli","tag-suriye-ve-iran-iliskileri"],"_links":{"self":[{"href":"https:\/\/archive.sana.sy\/tr\/index.php?rest_route=\/wp\/v2\/posts\/284068","targetHints":{"allow":["GET"]}}],"collection":[{"href":"https:\/\/archive.sana.sy\/tr\/index.php?rest_route=\/wp\/v2\/posts"}],"about":[{"href":"https:\/\/archive.sana.sy\/tr\/index.php?rest_route=\/wp\/v2\/types\/post"}],"author":[{"embeddable":true,"href":"https:\/\/archive.sana.sy\/tr\/index.php?rest_route=\/wp\/v2\/users\/41"}],"replies":[{"embeddable":true,"href":"https:\/\/archive.sana.sy\/tr\/index.php?rest_route=%2Fwp%2Fv2%2Fcomments&post=284068"}],"version-history":[{"count":2,"href":"https:\/\/archive.sana.sy\/tr\/index.php?rest_route=\/wp\/v2\/posts\/284068\/revisions"}],"predecessor-version":[{"id":284096,"href":"https:\/\/archive.sana.sy\/tr\/index.php?rest_route=\/wp\/v2\/posts\/284068\/revisions\/284096"}],"wp:featuredmedia":[{"embeddable":true,"href":"https:\/\/archive.sana.sy\/tr\/index.php?rest_route=\/wp\/v2\/media\/284069"}],"wp:attachment":[{"href":"https:\/\/archive.sana.sy\/tr\/index.php?rest_route=%2Fwp%2Fv2%2Fmedia&parent=284068"}],"wp:term":[{"taxonomy":"category","embeddable":true,"href":"https:\/\/archive.sana.sy\/tr\/index.php?rest_route=%2Fwp%2Fv2%2Fcategories&post=284068"},{"taxonomy":"post_tag","embeddable":true,"href":"https:\/\/archive.sana.sy\/tr\/index.php?rest_route=%2Fwp%2Fv2%2Ftags&post=284068"}],"curies":[{"name":"wp","href":"https:\/\/api.w.org\/{rel}","templated":true}]}}