{"id":284081,"date":"2023-07-10T17:00:24","date_gmt":"2023-07-10T14:00:24","guid":{"rendered":"https:\/\/sana.sy\/tr\/?p=284081"},"modified":"2023-07-11T11:38:12","modified_gmt":"2023-07-11T08:38:12","slug":"isgal-edilen-suriye-golan-halki-isgalcilerin-yerinden-edilmis-ayin-fit-koyunu-buldozerlerle-yikma-planini-reddetti","status":"publish","type":"post","link":"https:\/\/archive.sana.sy\/tr\/?p=284081","title":{"rendered":"\u0130\u015fgal Edilen Suriye Golan Halk\u0131, \u0130\u015fgalcilerin Yerinden Edilmi\u015f Ayin Fit K\u00f6y\u00fcn\u00fc Buldozerlerle Y\u0131kma Plan\u0131n\u0131 Reddetti"},"content":{"rendered":"<p><strong><span style=\"color: #800000;\">\u0130\u015eGAL ED\u0130LEN SUR\u0130YEL\u0130 GOLAN<\/span><\/strong>\u00a0&#8211; Ba\u015fta G\u00fcvenlik Konseyi 497 numaral\u0131 Karar\u0131 olmak \u00fczere Birle\u015fmi\u015f Milletler kararlar\u0131n\u0131n yeni bir ihlali olarak, \u0130\u015fgal, terk edilmi\u015f Ayin Fit k\u00f6y\u00fcn\u00fcn kalan evlerini buldozerlerle y\u0131kmay\u0131 ve oray\u0131 g\u00fc\u00e7leri i\u00e7in bir askeri b\u00f6lgeye d\u00f6n\u00fc\u015ft\u00fcrmeyi planl\u0131yor.<\/p>\n<p>\u0130\u015fgal, Golan&#8217;\u0131n konumu ve do\u011fas\u0131yla en g\u00fczel k\u00f6ylerinden biri olan Ayin Fit&#8217;i 1967 sald\u0131r\u0131s\u0131ndan sonra 240&#8217;tan fazla k\u00f6y ve \u00e7iftlikle birlikte yerle bir etti ve 131.000 n\u00fcfusu zorla s\u0131n\u0131r d\u0131\u015f\u0131 etti.<\/p>\n<p>Suriyeli halktan ise 6 k\u00f6yde 7.000 ki\u015fi kald\u0131: Mevdel \u015eamis, Masada, Bakasa, Ayin Kuniye, Gacer ve Sahita. Daha sonra Sahita k\u00f6y\u00fc halk\u0131n\u0131 Masada&#8217;ya s\u00fcrd\u00fc, yok etti ve yeri askeri bir b\u00f6lgeye \u00e7evirdi.<\/p>\n<p>\u0130\u015fgal edilen Golan halk\u0131m\u0131s, \u0130\u015fgalin Ain Fit k\u00f6y\u00fcn\u00fcn Arap-Suriye kimli\u011fini ortadan kald\u0131rmay\u0131, tank ve buldozerlerle \u00f6zelliklerini de\u011fi\u015ftirmeyi, Yahudile\u015ftirme amac\u0131yla topraklar\u0131na askeri k\u0131\u015flalar kurmay\u0131 ama\u00e7layan plan\u0131 reddettiklerini vurgulad\u0131lar.<\/p>\n<p>Ayin Fit&#8217;in biti\u015fi\u011findeki Ayin Kunya k\u00f6y\u00fcnden Madyan El Dimaski, SANA muhabiri yapt\u0131\u011f\u0131 a\u00e7\u0131klamada, \u2018\u2019Ayin Fit&#8217;in evlerine y\u00f6nelik Siyonist bir plan\u0131n bug\u00fcn ya\u015fananlar\u0131, bu topraklarda Suriye&#8217;ye ait ne varsa izlerini silme ve k\u00f6y\u00fc haf\u0131zalar\u0131m\u0131zdan silme giri\u015fimidir. Ama bunu ba\u015faramayacak ve biz de i\u015fgalin insanlar\u0131m\u0131z\u0131 yerinden etme ve k\u00f6ylerimizi yok etme hikayelerini nesilden nesile \u00e7ocuklar\u0131m\u0131za aktarmaya devam edece\u011fiz\u2019\u2019 dedi.<\/p>\n<p><a href=\"https:\/\/t.me\/SuriyeArapHaberAjansI\">Telegram Kanal\u0131m\u0131z\u00a0<\/a><\/p>\n<p><a href=\"https:\/\/www.facebook.com\/SANAHaberAjansi\/\">Facebook Sayfam\u0131z<\/a><\/p>\n<p><a href=\"https:\/\/twitter.com\/arap_ajans\">Twitter Hesab\u0131m\u0131z<\/a><\/p>\n","protected":false},"excerpt":{"rendered":"<p>\u0130\u015eGAL ED\u0130LEN SUR\u0130YEL\u0130 GOLAN\u00a0&#8211; Ba\u015fta G\u00fcvenlik Konseyi 497 numaral\u0131 Karar\u0131 olmak \u00fczere Birle\u015fmi\u015f Milletler kararlar\u0131n\u0131n yeni bir ihlali olarak, \u0130\u015fgal, terk edilmi\u015f Ayin Fit k\u00f6y\u00fcn\u00fcn kalan evlerini buldozerlerle y\u0131kmay\u0131 ve oray\u0131 g\u00fc\u00e7leri i\u00e7in bir askeri b\u00f6lgeye d\u00f6n\u00fc\u015ft\u00fcrmeyi planl\u0131yor. \u0130\u015fgal, Golan&#8217;\u0131n konumu ve do\u011fas\u0131yla en g\u00fczel k\u00f6ylerinden biri olan Ayin Fit&#8217;i 1967 sald\u0131r\u0131s\u0131ndan sonra 240&#8217;tan fazla &hellip;<\/p>\n","protected":false},"author":41,"featured_media":284082,"comment_status":"closed","ping_status":"closed","sticky":false,"template":"","format":"standard","meta":{"footnotes":""},"categories":[479,17988,478],"tags":[38612,38609,38611,38610],"class_list":["post-284081","post","type-post","status-publish","format-standard","has-post-thumbnail","","category-haberler-yerel","category-son-haberler","category-yerel","tag-arap-suriye","tag-isgal-edilen-suriye-golan-halki","tag-isgal-edilen-suriye-golani","tag-isgalcilerin-yerinden-edilmis-ayin-fit-koyunu-buldozerlerle-yikma-planini-reddetti"],"_links":{"self":[{"href":"https:\/\/archive.sana.sy\/tr\/index.php?rest_route=\/wp\/v2\/posts\/284081","targetHints":{"allow":["GET"]}}],"collection":[{"href":"https:\/\/archive.sana.sy\/tr\/index.php?rest_route=\/wp\/v2\/posts"}],"about":[{"href":"https:\/\/archive.sana.sy\/tr\/index.php?rest_route=\/wp\/v2\/types\/post"}],"author":[{"embeddable":true,"href":"https:\/\/archive.sana.sy\/tr\/index.php?rest_route=\/wp\/v2\/users\/41"}],"replies":[{"embeddable":true,"href":"https:\/\/archive.sana.sy\/tr\/index.php?rest_route=%2Fwp%2Fv2%2Fcomments&post=284081"}],"version-history":[{"count":5,"href":"https:\/\/archive.sana.sy\/tr\/index.php?rest_route=\/wp\/v2\/posts\/284081\/revisions"}],"predecessor-version":[{"id":284097,"href":"https:\/\/archive.sana.sy\/tr\/index.php?rest_route=\/wp\/v2\/posts\/284081\/revisions\/284097"}],"wp:featuredmedia":[{"embeddable":true,"href":"https:\/\/archive.sana.sy\/tr\/index.php?rest_route=\/wp\/v2\/media\/284082"}],"wp:attachment":[{"href":"https:\/\/archive.sana.sy\/tr\/index.php?rest_route=%2Fwp%2Fv2%2Fmedia&parent=284081"}],"wp:term":[{"taxonomy":"category","embeddable":true,"href":"https:\/\/archive.sana.sy\/tr\/index.php?rest_route=%2Fwp%2Fv2%2Fcategories&post=284081"},{"taxonomy":"post_tag","embeddable":true,"href":"https:\/\/archive.sana.sy\/tr\/index.php?rest_route=%2Fwp%2Fv2%2Ftags&post=284081"}],"curies":[{"name":"wp","href":"https:\/\/api.w.org\/{rel}","templated":true}]}}