{"id":284098,"date":"2023-07-10T20:09:06","date_gmt":"2023-07-10T17:09:06","guid":{"rendered":"https:\/\/sana.sy\/tr\/?p=284098"},"modified":"2023-07-12T10:15:23","modified_gmt":"2023-07-12T07:15:23","slug":"lavrov-rusya-ve-kik-ulkeleri-suriyenin-egemenligini-birligini-ve-toprak-butunlugunu-destekliyor","status":"publish","type":"post","link":"https:\/\/archive.sana.sy\/tr\/?p=284098","title":{"rendered":"Lavrov: Rusya Ve (K\u0130K) \u00dclkeleri Suriye&#8217;nin Egemenli\u011fini, Birli\u011fini Ve Toprak B\u00fct\u00fcnl\u00fc\u011f\u00fcn\u00fc Destekliyor"},"content":{"rendered":"<p><span style=\"color: #800000;\"><strong>MOSKOVA<\/strong> <\/span>&#8211; Rusya D\u0131\u015fi\u015fleri Bakan\u0131 Sergey Lavrov, \u00fclkesinin ve K\u00f6rfez \u0130\u015fbirli\u011fi Konseyi \u00fclkelerinin Suriye&#8217;nin egemenli\u011fi, birli\u011fi ve toprak b\u00fct\u00fcnl\u00fc\u011f\u00fcne verdi\u011fi deste\u011fi ve Suriye&#8217;deki krize siyasi \u00e7\u00f6z\u00fcm bulunmas\u0131 gerekti\u011fini vurgulad\u0131.<\/p>\n<p>Lavrov, Rusya ile K\u00f6rfez \u0130\u015fbirli\u011fi Konseyi aras\u0131ndaki stratejik diyalo\u011fun alt\u0131nc\u0131 turunun bitiminde bug\u00fcn Moskova&#8217;da d\u00fczenledi\u011fi bas\u0131n toplant\u0131s\u0131nda, \u2018\u2019Suriye&#8217;deki durumu ayr\u0131nt\u0131l\u0131 olarak konu\u015ftuk ve egemenli\u011fini, birli\u011fini ve toprak b\u00fct\u00fcnl\u00fc\u011f\u00fcn\u00fc desteklemek ve Suriyelilerin \u00fclkelerinin gelece\u011fini belirleme hakk\u0131n\u0131 desteklemek konusunda ortak bir duru\u015fumuz var. Krize y\u00f6nelik kapsaml\u0131 bir siyasi \u00e7\u00f6z\u00fcm\u00fcn yan\u0131 s\u0131ra Suriye ve \u00e7evresi aras\u0131nda ili\u015fkilerin kurulmas\u0131na vurgu yapt\u0131k. Arap Ligi&#8217;ne d\u00f6nmesi, b\u00f6lgedeki genel havay\u0131 olumlu etkiledi\u011fi i\u00e7in memnuniyetle kar\u015f\u0131l\u0131yoruz\u2019\u2019 dedi.<\/p>\n<p>Di\u011fer taraftan Lavrov, Rusya ile K\u00f6rfez \u0130\u015fbirli\u011fi Konseyi \u00fclkeleri aras\u0131ndaki ticaret al\u0131\u015fveri\u015finin 11 milyar dolar\u0131 a\u015ft\u0131\u011f\u0131n\u0131 ve kar\u015f\u0131l\u0131kl\u0131 ticarette ge\u00e7en y\u0131l bir \u00f6nceki y\u0131la g\u00f6re y\u00fczde 6&#8217;dan fazla artan olumlu e\u011filimin devam etti\u011fini a\u00e7\u0131klad\u0131.<\/p>\n<p>Bakan Lavrov, Rusya ile K\u00f6rfez \u00fclkeleri aras\u0131ndaki ili\u015fkilerin sayg\u0131ya dayal\u0131 oldu\u011funu vurgulayarak, \u00fclkesinin Arap ortaklar\u0131na tah\u0131l sat\u0131\u015f\u0131na devam etmeye ve t\u00fcm y\u00fck\u00fcml\u00fcl\u00fcklerini yerine getirmeye ve t\u00fcm ihtiya\u00e7lar\u0131n\u0131 kar\u015f\u0131lamaya haz\u0131r oldu\u011funu ifade ederek, bunun \u00f6n\u00fcnde hi\u00e7bir engel olmad\u0131\u011f\u0131na i\u015faret etti.<\/p>\n<p>Lavrov ayr\u0131ca, Rusya ile K\u00f6rfez \u0130\u015fbirli\u011fi Konseyi \u00fclkeleri aras\u0131ndaki diyalo\u011fa kat\u0131lanlar\u0131n, Birle\u015fmi\u015f Milletler \u015eart\u0131&#8217;nda yer alan devletler aras\u0131 ileti\u015fimin temel ilkelerine ve uluslararas\u0131 hukuka sayg\u0131 g\u00f6stermekten ba\u015fka alternatif olmad\u0131\u011f\u0131n\u0131 vurgulad\u0131klar\u0131na dikkat \u00e7ekti.<\/p>\n<p><a href=\"https:\/\/t.me\/SuriyeArapHaberAjansI\">Telegram Kanal\u0131m\u0131z\u00a0<\/a><\/p>\n<p><a href=\"https:\/\/www.facebook.com\/SANAHaberAjansi\/\">Facebook Sayfam\u0131z<\/a><\/p>\n<p><a href=\"https:\/\/twitter.com\/arap_ajans\">Twitter Hesab\u0131m\u0131z<\/a><\/p>\n","protected":false},"excerpt":{"rendered":"<p>MOSKOVA &#8211; Rusya D\u0131\u015fi\u015fleri Bakan\u0131 Sergey Lavrov, \u00fclkesinin ve K\u00f6rfez \u0130\u015fbirli\u011fi Konseyi \u00fclkelerinin Suriye&#8217;nin egemenli\u011fi, birli\u011fi ve toprak b\u00fct\u00fcnl\u00fc\u011f\u00fcne verdi\u011fi deste\u011fi ve Suriye&#8217;deki krize siyasi \u00e7\u00f6z\u00fcm bulunmas\u0131 gerekti\u011fini vurgulad\u0131. Lavrov, Rusya ile K\u00f6rfez \u0130\u015fbirli\u011fi Konseyi aras\u0131ndaki stratejik diyalo\u011fun alt\u0131nc\u0131 turunun bitiminde bug\u00fcn Moskova&#8217;da d\u00fczenledi\u011fi bas\u0131n toplant\u0131s\u0131nda, \u2018\u2019Suriye&#8217;deki durumu ayr\u0131nt\u0131l\u0131 olarak konu\u015ftuk ve egemenli\u011fini, birli\u011fini ve &hellip;<\/p>\n","protected":false},"author":41,"featured_media":284099,"comment_status":"closed","ping_status":"closed","sticky":false,"template":"","format":"standard","meta":{"footnotes":""},"categories":[458,459,17988],"tags":[38624,38623,31174,38280,38622,38620,38621],"class_list":["post-284098","post","type-post","status-publish","format-standard","has-post-thumbnail","","category-dunya1","category-haberler-arap-uluslararasi-politika","category-son-haberler","tag-kik-ulkeleri","tag-birlesmis-milletler-sarti","tag-korfez-ulkeleri","tag-suriye-ile-normallesme","tag-suriyenin-dunye-ulkeleriyle-iliskisi","tag-telegram-kanalimiz-facebook-sayfamiz-twitter-hesabimiz","tag-usya-disisleri-bakani-sergey-lavrov"],"_links":{"self":[{"href":"https:\/\/archive.sana.sy\/tr\/index.php?rest_route=\/wp\/v2\/posts\/284098","targetHints":{"allow":["GET"]}}],"collection":[{"href":"https:\/\/archive.sana.sy\/tr\/index.php?rest_route=\/wp\/v2\/posts"}],"about":[{"href":"https:\/\/archive.sana.sy\/tr\/index.php?rest_route=\/wp\/v2\/types\/post"}],"author":[{"embeddable":true,"href":"https:\/\/archive.sana.sy\/tr\/index.php?rest_route=\/wp\/v2\/users\/41"}],"replies":[{"embeddable":true,"href":"https:\/\/archive.sana.sy\/tr\/index.php?rest_route=%2Fwp%2Fv2%2Fcomments&post=284098"}],"version-history":[{"count":1,"href":"https:\/\/archive.sana.sy\/tr\/index.php?rest_route=\/wp\/v2\/posts\/284098\/revisions"}],"predecessor-version":[{"id":284100,"href":"https:\/\/archive.sana.sy\/tr\/index.php?rest_route=\/wp\/v2\/posts\/284098\/revisions\/284100"}],"wp:featuredmedia":[{"embeddable":true,"href":"https:\/\/archive.sana.sy\/tr\/index.php?rest_route=\/wp\/v2\/media\/284099"}],"wp:attachment":[{"href":"https:\/\/archive.sana.sy\/tr\/index.php?rest_route=%2Fwp%2Fv2%2Fmedia&parent=284098"}],"wp:term":[{"taxonomy":"category","embeddable":true,"href":"https:\/\/archive.sana.sy\/tr\/index.php?rest_route=%2Fwp%2Fv2%2Fcategories&post=284098"},{"taxonomy":"post_tag","embeddable":true,"href":"https:\/\/archive.sana.sy\/tr\/index.php?rest_route=%2Fwp%2Fv2%2Ftags&post=284098"}],"curies":[{"name":"wp","href":"https:\/\/api.w.org\/{rel}","templated":true}]}}