{"id":284101,"date":"2023-07-10T22:47:21","date_gmt":"2023-07-10T19:47:21","guid":{"rendered":"https:\/\/sana.sy\/tr\/?p=284101"},"modified":"2023-07-12T10:15:32","modified_gmt":"2023-07-12T07:15:32","slug":"egitim-bakani-unrwa-ile-isbirligini-guclendirmeyi-gorustu","status":"publish","type":"post","link":"https:\/\/archive.sana.sy\/tr\/?p=284101","title":{"rendered":"E\u011fitim Bakan\u0131 &#8220;UNRWA&#8221; \u0130le \u0130\u015fbirli\u011fini G\u00fc\u00e7lendirmeyi G\u00f6r\u00fc\u015ft\u00fc"},"content":{"rendered":"<p><strong>\u015eAM<\/strong> \u2013 E\u011fitim Bakan\u0131 Dr. Darem Tabbaa, Birle\u015fmi\u015f Milletler Filistinli M\u00fcltecilere Yard\u0131m ve \u00c7al\u0131\u015fma Ajans\u0131 \u201cUNRWA\u201d Suriye Direkt\u00f6r\u00fc Amania Michael Eby ile \u00f6zellikle ders kitab\u0131 sa\u011flama alan\u0131nda i\u015fbirli\u011fini geli\u015ftirmek i\u00e7in g\u00f6r\u00fc\u015ft\u00fc.<\/p>\n<p>Bakan Tabbaa, bakanl\u0131\u011f\u0131n e\u011fitim s\u00fcrecinin kalitesini elde etmek i\u00e7in \u201cUNRWA\u201dn\u0131n \u00e7al\u0131\u015fmalar\u0131n\u0131 destekleme konusundaki isteklili\u011fini vurgulad\u0131.<\/p>\n<p><img loading=\"lazy\" decoding=\"async\" class=\"size-full wp-image-284103 alignright\" src=\"http:\/\/sana.sy\/tr\/wp-content\/uploads\/2023\/07\/photo_2023-07-10_20-30-42-300x225-1.jpg\" alt=\"\" width=\"300\" height=\"225\" \/>Eby ise, Suriye h\u00fck\u00fcmetine, \u00f6zellikle sava\u015f s\u0131ras\u0131nda Te\u015fkilat\u2019\u0131n baz\u0131 okullar\u0131n\u0131n y\u0131k\u0131lmas\u0131n\u0131n ard\u0131ndan 40 devlet okulunun ak\u015fam vardiyas\u0131 olarak kullan\u0131lmas\u0131, ders kitaplar\u0131n\u0131n al\u0131nmas\u0131 ve \u00e7e\u015fitli programlar\u0131n desteklenmesi alan\u0131nda UNRWA\u2019ya verdi\u011fi destek i\u00e7in te\u015fekk\u00fcrlerini dile getirdi.<\/p>\n<p><a href=\"https:\/\/t.me\/SuriyeArapHaberAjansI\">Telegram Kanal\u0131m\u0131z\u00a0<\/a><\/p>\n<p><a href=\"https:\/\/www.facebook.com\/SANAHaberAjansi\/\">Facebook Sayfam\u0131z<\/a><\/p>\n<p><a href=\"https:\/\/twitter.com\/arap_ajans\">Twitter Hesab\u0131m\u0131z<\/a><\/p>\n","protected":false},"excerpt":{"rendered":"<p>\u015eAM \u2013 E\u011fitim Bakan\u0131 Dr. Darem Tabbaa, Birle\u015fmi\u015f Milletler Filistinli M\u00fcltecilere Yard\u0131m ve \u00c7al\u0131\u015fma Ajans\u0131 \u201cUNRWA\u201d Suriye Direkt\u00f6r\u00fc Amania Michael Eby ile \u00f6zellikle ders kitab\u0131 sa\u011flama alan\u0131nda i\u015fbirli\u011fini geli\u015ftirmek i\u00e7in g\u00f6r\u00fc\u015ft\u00fc. Bakan Tabbaa, bakanl\u0131\u011f\u0131n e\u011fitim s\u00fcrecinin kalitesini elde etmek i\u00e7in \u201cUNRWA\u201dn\u0131n \u00e7al\u0131\u015fmalar\u0131n\u0131 destekleme konusundaki isteklili\u011fini vurgulad\u0131. Eby ise, Suriye h\u00fck\u00fcmetine, \u00f6zellikle sava\u015f s\u0131ras\u0131nda Te\u015fkilat\u2019\u0131n baz\u0131 &hellip;<\/p>\n","protected":false},"author":39,"featured_media":284102,"comment_status":"closed","ping_status":"closed","sticky":false,"template":"","format":"standard","meta":{"footnotes":""},"categories":[479,17988,478],"tags":[],"class_list":["post-284101","post","type-post","status-publish","format-standard","has-post-thumbnail","","category-haberler-yerel","category-son-haberler","category-yerel"],"_links":{"self":[{"href":"https:\/\/archive.sana.sy\/tr\/index.php?rest_route=\/wp\/v2\/posts\/284101","targetHints":{"allow":["GET"]}}],"collection":[{"href":"https:\/\/archive.sana.sy\/tr\/index.php?rest_route=\/wp\/v2\/posts"}],"about":[{"href":"https:\/\/archive.sana.sy\/tr\/index.php?rest_route=\/wp\/v2\/types\/post"}],"author":[{"embeddable":true,"href":"https:\/\/archive.sana.sy\/tr\/index.php?rest_route=\/wp\/v2\/users\/39"}],"replies":[{"embeddable":true,"href":"https:\/\/archive.sana.sy\/tr\/index.php?rest_route=%2Fwp%2Fv2%2Fcomments&post=284101"}],"version-history":[{"count":3,"href":"https:\/\/archive.sana.sy\/tr\/index.php?rest_route=\/wp\/v2\/posts\/284101\/revisions"}],"predecessor-version":[{"id":284115,"href":"https:\/\/archive.sana.sy\/tr\/index.php?rest_route=\/wp\/v2\/posts\/284101\/revisions\/284115"}],"wp:featuredmedia":[{"embeddable":true,"href":"https:\/\/archive.sana.sy\/tr\/index.php?rest_route=\/wp\/v2\/media\/284102"}],"wp:attachment":[{"href":"https:\/\/archive.sana.sy\/tr\/index.php?rest_route=%2Fwp%2Fv2%2Fmedia&parent=284101"}],"wp:term":[{"taxonomy":"category","embeddable":true,"href":"https:\/\/archive.sana.sy\/tr\/index.php?rest_route=%2Fwp%2Fv2%2Fcategories&post=284101"},{"taxonomy":"post_tag","embeddable":true,"href":"https:\/\/archive.sana.sy\/tr\/index.php?rest_route=%2Fwp%2Fv2%2Ftags&post=284101"}],"curies":[{"name":"wp","href":"https:\/\/api.w.org\/{rel}","templated":true}]}}