{"id":284105,"date":"2023-07-10T22:06:39","date_gmt":"2023-07-10T19:06:39","guid":{"rendered":"https:\/\/sana.sy\/tr\/?p=284105"},"modified":"2023-07-12T10:15:28","modified_gmt":"2023-07-12T07:15:28","slug":"egitim-bakanligi-ile-unicef-arasindaki-isbirligini-gelistirmeye-yonelik-gorusmeler","status":"publish","type":"post","link":"https:\/\/archive.sana.sy\/tr\/?p=284105","title":{"rendered":"E\u011fitim Bakan\u0131 \u0130le &#8220;UNICEF&#8221; Aras\u0131ndaki \u0130\u015fbirli\u011fini Geli\u015ftirmeye Y\u00f6nelik G\u00f6r\u00fc\u015fmeler"},"content":{"rendered":"<p><strong>\u015eAM \u2013 <\/strong>E\u011fitim Bakan\u0131 Dr. Darem Tabbaa, Birle\u015fmi\u015f Milletler \u00c7ocuklara Yard\u0131m Fonu&#8217;nun (UNICEF) Suriye&#8217;deki e\u011fitim sekt\u00f6r\u00fc koordinat\u00f6r\u00fc Risto Ahlanin ile e\u011fitim kay\u0131plar\u0131n\u0131n telafisi ve okullar\u0131n rehabilitasyonu ile ilgili bir dizi e\u011fitim projesinin uygulanmas\u0131nda i\u015fbirli\u011finin g\u00fc\u00e7lendirilmesi konusunu g\u00f6r\u00fc\u015ft\u00fc.<\/p>\n<p><img loading=\"lazy\" decoding=\"async\" class=\"size-full wp-image-284107 alignright\" src=\"http:\/\/sana.sy\/tr\/wp-content\/uploads\/2023\/07\/photo_2023-07-10_21-07-21-300x225-1.jpg\" alt=\"\" width=\"300\" height=\"225\" \/>Bakan Tabbaa, UNICEF ile i\u015fbirli\u011finin \u00f6zellikle deprem s\u0131ras\u0131nda e\u011fitim kay\u0131plar\u0131n\u0131n telafisi ve psikososyal destek konusunda e\u011fitim s\u00fcrecinin desteklenmesine katk\u0131 sa\u011flad\u0131\u011f\u0131n\u0131 belirtti<strong>.<\/strong><\/p>\n<p><strong>\u00a0<\/strong>Kendi y\u00f6n\u00fcnden Ahlanin, \u00f6rg\u00fct\u00fcn \u00e7ocuklar\u0131n okullar\u0131na d\u00f6n\u00fc\u015f\u00fcn\u00fc te\u015fvik etmek ve geleceklerini g\u00fcvence alt\u0131na almakla ilgilendi\u011fini vurgulayarak, e\u011fitim s\u00fcrecinin ba\u015far\u0131s\u0131n\u0131 desteklemek i\u00e7in Bakanl\u0131k ile i\u015fbirli\u011finin \u00f6nemine i\u015faret etti.<\/p>\n<p><a href=\"https:\/\/t.me\/SuriyeArapHaberAjansI\">Telegram Kanal\u0131m\u0131z\u00a0<\/a><\/p>\n<p><a href=\"https:\/\/www.facebook.com\/SANAHaberAjansi\/\">Facebook Sayfam\u0131z<\/a><\/p>\n<p><a href=\"https:\/\/twitter.com\/arap_ajans\">Twitter Hesab\u0131m\u0131z<\/a><\/p>\n","protected":false},"excerpt":{"rendered":"<p>\u015eAM \u2013 E\u011fitim Bakan\u0131 Dr. Darem Tabbaa, Birle\u015fmi\u015f Milletler \u00c7ocuklara Yard\u0131m Fonu&#8217;nun (UNICEF) Suriye&#8217;deki e\u011fitim sekt\u00f6r\u00fc koordinat\u00f6r\u00fc Risto Ahlanin ile e\u011fitim kay\u0131plar\u0131n\u0131n telafisi ve okullar\u0131n rehabilitasyonu ile ilgili bir dizi e\u011fitim projesinin uygulanmas\u0131nda i\u015fbirli\u011finin g\u00fc\u00e7lendirilmesi konusunu g\u00f6r\u00fc\u015ft\u00fc. Bakan Tabbaa, UNICEF ile i\u015fbirli\u011finin \u00f6zellikle deprem s\u0131ras\u0131nda e\u011fitim kay\u0131plar\u0131n\u0131n telafisi ve psikososyal destek konusunda e\u011fitim s\u00fcrecinin desteklenmesine &hellip;<\/p>\n","protected":false},"author":39,"featured_media":284106,"comment_status":"closed","ping_status":"closed","sticky":false,"template":"","format":"standard","meta":{"footnotes":""},"categories":[479,17988,478],"tags":[],"class_list":["post-284105","post","type-post","status-publish","format-standard","has-post-thumbnail","","category-haberler-yerel","category-son-haberler","category-yerel"],"_links":{"self":[{"href":"https:\/\/archive.sana.sy\/tr\/index.php?rest_route=\/wp\/v2\/posts\/284105","targetHints":{"allow":["GET"]}}],"collection":[{"href":"https:\/\/archive.sana.sy\/tr\/index.php?rest_route=\/wp\/v2\/posts"}],"about":[{"href":"https:\/\/archive.sana.sy\/tr\/index.php?rest_route=\/wp\/v2\/types\/post"}],"author":[{"embeddable":true,"href":"https:\/\/archive.sana.sy\/tr\/index.php?rest_route=\/wp\/v2\/users\/39"}],"replies":[{"embeddable":true,"href":"https:\/\/archive.sana.sy\/tr\/index.php?rest_route=%2Fwp%2Fv2%2Fcomments&post=284105"}],"version-history":[{"count":5,"href":"https:\/\/archive.sana.sy\/tr\/index.php?rest_route=\/wp\/v2\/posts\/284105\/revisions"}],"predecessor-version":[{"id":284117,"href":"https:\/\/archive.sana.sy\/tr\/index.php?rest_route=\/wp\/v2\/posts\/284105\/revisions\/284117"}],"wp:featuredmedia":[{"embeddable":true,"href":"https:\/\/archive.sana.sy\/tr\/index.php?rest_route=\/wp\/v2\/media\/284106"}],"wp:attachment":[{"href":"https:\/\/archive.sana.sy\/tr\/index.php?rest_route=%2Fwp%2Fv2%2Fmedia&parent=284105"}],"wp:term":[{"taxonomy":"category","embeddable":true,"href":"https:\/\/archive.sana.sy\/tr\/index.php?rest_route=%2Fwp%2Fv2%2Fcategories&post=284105"},{"taxonomy":"post_tag","embeddable":true,"href":"https:\/\/archive.sana.sy\/tr\/index.php?rest_route=%2Fwp%2Fv2%2Ftags&post=284105"}],"curies":[{"name":"wp","href":"https:\/\/api.w.org\/{rel}","templated":true}]}}