{"id":284121,"date":"2023-07-11T11:13:06","date_gmt":"2023-07-11T08:13:06","guid":{"rendered":"https:\/\/sana.sy\/tr\/?p=284121"},"modified":"2023-07-12T11:50:20","modified_gmt":"2023-07-12T08:50:20","slug":"maskatta-suriye-umman-isadamlari-ve-yatirimcilar-forumunun-calismalari-baslatildi","status":"publish","type":"post","link":"https:\/\/archive.sana.sy\/tr\/?p=284121","title":{"rendered":"Maskat&#8217;ta Suriye-Umman \u0130\u015fadamlar\u0131 Ve Yat\u0131r\u0131mc\u0131lar Forumu&#8217;nun \u00c7al\u0131\u015fmalar\u0131 Ba\u015flat\u0131ld\u0131"},"content":{"rendered":"<p><strong>MASKAT \u2013 <\/strong>Umman&#8217;\u0131n ba\u015fkenti Maskat&#8217;ta bug\u00fcn (Suriye-Umman Ekonomik \u0130\u015fbirli\u011finin Geli\u015ftirilmesi) slogan\u0131yla Suriye-Umman \u0130\u015fadamlar\u0131 ve Yat\u0131r\u0131mc\u0131lar Forumu&#8217;nun \u00e7al\u0131\u015fmalar\u0131 ba\u015flayarak, Suriye heyetine Ekonomi ve D\u0131\u015f Ticaret Bakan\u0131 Dr. Mhemmet Samer El Halil ba\u015fkanl\u0131k etti.<\/p>\n<p>El Khalil, &#8220;Suriye-Umman \u0130\u015fadamlar\u0131 Forumu&#8217;nun umut verici ve bol f\u0131rsatlar ve yetenekler ta\u015f\u0131yan ticari ve yat\u0131r\u0131m ili\u015fkilerinin ba\u015flat\u0131lmas\u0131 a\u00e7\u0131s\u0131ndan yeni bir a\u015fama olu\u015fturaca\u011f\u0131n\u0131 umuyorum&#8221; dedi.<\/p>\n<p>El Halil ayr\u0131ca, &#8220;Suriye&#8217;nin yat\u0131r\u0131m i\u00e7in gerekli zemini haz\u0131rlamaya y\u00f6nelik ger\u00e7ek \u00e7al\u0131\u015fmalara tan\u0131k oldu\u011funu ve olmaya devam ederek, sava\u015ftan sonraki en \u00f6nemli ulusal \u00f6nceliklerinden biri, 2030 y\u0131l\u0131 i\u00e7in gelecek vizyonu i\u00e7inde, kapsaml\u0131 ve s\u00fcrd\u00fcr\u00fclebilir kalk\u0131nmay\u0131 destekleyen geli\u015fmi\u015f bir ekonomiye ula\u015fmakt\u0131r&#8221; da s\u00f6zlerine ekledi.<\/p>\n<p><a href=\"https:\/\/t.me\/SuriyeArapHaberAjansI\">Telegram Kanal\u0131m\u0131z\u00a0<\/a><\/p>\n<p><a href=\"https:\/\/www.facebook.com\/SANAHaberAjansi\/\">Facebook Sayfam\u0131z<\/a><\/p>\n<p><a href=\"https:\/\/twitter.com\/arap_ajans\">Twitter Hesab\u0131m\u0131z<\/a><\/p>\n","protected":false},"excerpt":{"rendered":"<p>MASKAT \u2013 Umman&#8217;\u0131n ba\u015fkenti Maskat&#8217;ta bug\u00fcn (Suriye-Umman Ekonomik \u0130\u015fbirli\u011finin Geli\u015ftirilmesi) slogan\u0131yla Suriye-Umman \u0130\u015fadamlar\u0131 ve Yat\u0131r\u0131mc\u0131lar Forumu&#8217;nun \u00e7al\u0131\u015fmalar\u0131 ba\u015flayarak, Suriye heyetine Ekonomi ve D\u0131\u015f Ticaret Bakan\u0131 Dr. Mhemmet Samer El Halil ba\u015fkanl\u0131k etti. El Khalil, &#8220;Suriye-Umman \u0130\u015fadamlar\u0131 Forumu&#8217;nun umut verici ve bol f\u0131rsatlar ve yetenekler ta\u015f\u0131yan ticari ve yat\u0131r\u0131m ili\u015fkilerinin ba\u015flat\u0131lmas\u0131 a\u00e7\u0131s\u0131ndan yeni bir a\u015fama olu\u015fturaca\u011f\u0131n\u0131 &hellip;<\/p>\n","protected":false},"author":39,"featured_media":284122,"comment_status":"closed","ping_status":"closed","sticky":false,"template":"","format":"standard","meta":{"footnotes":""},"categories":[458,459,17988],"tags":[],"class_list":["post-284121","post","type-post","status-publish","format-standard","has-post-thumbnail","","category-dunya1","category-haberler-arap-uluslararasi-politika","category-son-haberler"],"_links":{"self":[{"href":"https:\/\/archive.sana.sy\/tr\/index.php?rest_route=\/wp\/v2\/posts\/284121","targetHints":{"allow":["GET"]}}],"collection":[{"href":"https:\/\/archive.sana.sy\/tr\/index.php?rest_route=\/wp\/v2\/posts"}],"about":[{"href":"https:\/\/archive.sana.sy\/tr\/index.php?rest_route=\/wp\/v2\/types\/post"}],"author":[{"embeddable":true,"href":"https:\/\/archive.sana.sy\/tr\/index.php?rest_route=\/wp\/v2\/users\/39"}],"replies":[{"embeddable":true,"href":"https:\/\/archive.sana.sy\/tr\/index.php?rest_route=%2Fwp%2Fv2%2Fcomments&post=284121"}],"version-history":[{"count":2,"href":"https:\/\/archive.sana.sy\/tr\/index.php?rest_route=\/wp\/v2\/posts\/284121\/revisions"}],"predecessor-version":[{"id":284194,"href":"https:\/\/archive.sana.sy\/tr\/index.php?rest_route=\/wp\/v2\/posts\/284121\/revisions\/284194"}],"wp:featuredmedia":[{"embeddable":true,"href":"https:\/\/archive.sana.sy\/tr\/index.php?rest_route=\/wp\/v2\/media\/284122"}],"wp:attachment":[{"href":"https:\/\/archive.sana.sy\/tr\/index.php?rest_route=%2Fwp%2Fv2%2Fmedia&parent=284121"}],"wp:term":[{"taxonomy":"category","embeddable":true,"href":"https:\/\/archive.sana.sy\/tr\/index.php?rest_route=%2Fwp%2Fv2%2Fcategories&post=284121"},{"taxonomy":"post_tag","embeddable":true,"href":"https:\/\/archive.sana.sy\/tr\/index.php?rest_route=%2Fwp%2Fv2%2Ftags&post=284121"}],"curies":[{"name":"wp","href":"https:\/\/api.w.org\/{rel}","templated":true}]}}