{"id":284124,"date":"2023-07-11T12:49:02","date_gmt":"2023-07-11T09:49:02","guid":{"rendered":"https:\/\/sana.sy\/tr\/?p=284124"},"modified":"2023-07-12T10:16:03","modified_gmt":"2023-07-12T07:16:03","slug":"hindistan-disisleri-bakani-suriye-ile-guclu-iliskiler-kurmayi-sabirsizlikla-bekliyoruz","status":"publish","type":"post","link":"https:\/\/archive.sana.sy\/tr\/?p=284124","title":{"rendered":"Hindistan D\u0131\u015fi\u015fleri Bakan\u0131: Suriye \u0130le G\u00fc\u00e7l\u00fc \u0130li\u015fkiler Kurmay\u0131 Sab\u0131rs\u0131zl\u0131kla Bekliyoruz"},"content":{"rendered":"<p><strong>YEN\u0130 DELH\u0130<\/strong> <strong>\u2013 <\/strong>Hindistan D\u0131\u015fi\u015fleri Bakan\u0131Velamveli Muridharan, \u00fclkesinin Suriye ile g\u00fc\u00e7l\u00fc ili\u015fkiler kurmay\u0131 ve iki \u00fclke aras\u0131ndaki ikili i\u015fbirli\u011fini g\u00fc\u00e7lendirmeyi d\u00f6rt g\u00f6zle bekledi\u011fini vurgulad\u0131.<\/p>\n<p>Muridharan, SANA muhabirine yapt\u0131\u011f\u0131 a\u00e7\u0131klamada, &#8220;Hindistan, iki taraf\u0131 birle\u015ftiren tarihi ba\u011flar g\u00f6z \u00f6n\u00fcne al\u0131nd\u0131\u011f\u0131nda, \u00f6zelde Suriye ve genel olarak Arap d\u00fcnyas\u0131yla ili\u015fkilerini g\u00fc\u00e7lendirmek istiyor&#8221; dedi.<\/p>\n<p>Muridharan ayr\u0131ca, bu ay i\u00e7inde Suriye&#8217;ye resmi bir ziyarette bulunmay\u0131 planlad\u0131\u011f\u0131n\u0131 ve burada iki \u00fclke aras\u0131ndaki ikili ili\u015fkileri geli\u015ftirmenin yollar\u0131n\u0131 g\u00f6r\u00fc\u015fmek \u00fczere bir dizi Suriyeli yetkiliyle g\u00f6r\u00fc\u015fece\u011fini de s\u00f6zlerine ekledi.<\/p>\n<p><a href=\"https:\/\/t.me\/SuriyeArapHaberAjansI\">Telegram Kanal\u0131m\u0131z\u00a0<\/a><\/p>\n<p><a href=\"https:\/\/www.facebook.com\/SANAHaberAjansi\/\">Facebook Sayfam\u0131z<\/a><\/p>\n<p><a href=\"https:\/\/twitter.com\/arap_ajans\">Twitter Hesab\u0131m\u0131z<\/a><\/p>\n","protected":false},"excerpt":{"rendered":"<p>YEN\u0130 DELH\u0130 \u2013 Hindistan D\u0131\u015fi\u015fleri Bakan\u0131Velamveli Muridharan, \u00fclkesinin Suriye ile g\u00fc\u00e7l\u00fc ili\u015fkiler kurmay\u0131 ve iki \u00fclke aras\u0131ndaki ikili i\u015fbirli\u011fini g\u00fc\u00e7lendirmeyi d\u00f6rt g\u00f6zle bekledi\u011fini vurgulad\u0131. Muridharan, SANA muhabirine yapt\u0131\u011f\u0131 a\u00e7\u0131klamada, &#8220;Hindistan, iki taraf\u0131 birle\u015ftiren tarihi ba\u011flar g\u00f6z \u00f6n\u00fcne al\u0131nd\u0131\u011f\u0131nda, \u00f6zelde Suriye ve genel olarak Arap d\u00fcnyas\u0131yla ili\u015fkilerini g\u00fc\u00e7lendirmek istiyor&#8221; dedi. Muridharan ayr\u0131ca, bu ay i\u00e7inde Suriye&#8217;ye &hellip;<\/p>\n","protected":false},"author":39,"featured_media":284125,"comment_status":"closed","ping_status":"closed","sticky":false,"template":"","format":"standard","meta":{"footnotes":""},"categories":[458,459,17988],"tags":[38625],"class_list":["post-284124","post","type-post","status-publish","format-standard","has-post-thumbnail","","category-dunya1","category-haberler-arap-uluslararasi-politika","category-son-haberler","tag-velamveli-muridharan"],"_links":{"self":[{"href":"https:\/\/archive.sana.sy\/tr\/index.php?rest_route=\/wp\/v2\/posts\/284124","targetHints":{"allow":["GET"]}}],"collection":[{"href":"https:\/\/archive.sana.sy\/tr\/index.php?rest_route=\/wp\/v2\/posts"}],"about":[{"href":"https:\/\/archive.sana.sy\/tr\/index.php?rest_route=\/wp\/v2\/types\/post"}],"author":[{"embeddable":true,"href":"https:\/\/archive.sana.sy\/tr\/index.php?rest_route=\/wp\/v2\/users\/39"}],"replies":[{"embeddable":true,"href":"https:\/\/archive.sana.sy\/tr\/index.php?rest_route=%2Fwp%2Fv2%2Fcomments&post=284124"}],"version-history":[{"count":3,"href":"https:\/\/archive.sana.sy\/tr\/index.php?rest_route=\/wp\/v2\/posts\/284124\/revisions"}],"predecessor-version":[{"id":284130,"href":"https:\/\/archive.sana.sy\/tr\/index.php?rest_route=\/wp\/v2\/posts\/284124\/revisions\/284130"}],"wp:featuredmedia":[{"embeddable":true,"href":"https:\/\/archive.sana.sy\/tr\/index.php?rest_route=\/wp\/v2\/media\/284125"}],"wp:attachment":[{"href":"https:\/\/archive.sana.sy\/tr\/index.php?rest_route=%2Fwp%2Fv2%2Fmedia&parent=284124"}],"wp:term":[{"taxonomy":"category","embeddable":true,"href":"https:\/\/archive.sana.sy\/tr\/index.php?rest_route=%2Fwp%2Fv2%2Fcategories&post=284124"},{"taxonomy":"post_tag","embeddable":true,"href":"https:\/\/archive.sana.sy\/tr\/index.php?rest_route=%2Fwp%2Fv2%2Ftags&post=284124"}],"curies":[{"name":"wp","href":"https:\/\/api.w.org\/{rel}","templated":true}]}}