{"id":284141,"date":"2023-07-11T15:00:52","date_gmt":"2023-07-11T12:00:52","guid":{"rendered":"https:\/\/sana.sy\/tr\/?p=284141"},"modified":"2023-07-12T10:16:47","modified_gmt":"2023-07-12T07:16:47","slug":"suriye-hava-yollari-iraktaki-necef-ucuslarini-yeniden-baslatti","status":"publish","type":"post","link":"https:\/\/archive.sana.sy\/tr\/?p=284141","title":{"rendered":"Suriye Hava Yollar\u0131, Irak&#8217;taki Necef U\u00e7u\u015flar\u0131n\u0131 Yeniden Ba\u015flatt\u0131"},"content":{"rendered":"<p><span style=\"color: #800000;\"><strong>\u015eAM<\/strong> <\/span>&#8211; Suriye Hava Kurumu, Irak&#8217;taki Necef Havaliman\u0131&#8217;na haftada iki u\u00e7u\u015fla u\u00e7u\u015flar\u0131n\u0131n yeniden ba\u015flad\u0131\u011f\u0131n\u0131 duyurdu.<\/p>\n<p>\u015eirketin ticari direkt\u00f6r\u00fc Samir Kusa, SANA muhabirine yapt\u0131\u011f\u0131 a\u00e7\u0131klamada a\u00e7\u0131klama, \u2018\u2019\u015eam-Necef hatt\u0131n\u0131n Sal\u0131 ve Cuma g\u00fcnleri olmak \u00fczere haftada iki seferle yeniden a\u00e7\u0131lmas\u0131, iki \u00fclkeden gelen yolcular\u0131n kar\u015f\u0131l\u0131kl\u0131 rezervasyonlar\u0131ndaki art\u0131\u015f\u0131n ard\u0131ndan geldi\u2019\u2019 dedi<\/p>\n<p>Kusa ayr\u0131ca, \u2018\u2019Karar, gezginlerin ma\u011fduriyetinin hafifletilmesine katk\u0131da bulunurken, Suriyeli gurbet\u00e7ilerin \u00fclkelerine geli\u015fini kolayla\u015ft\u0131r\u0131yor. Karar ayn\u0131 zamanda Suriye&#8217;yi yaz ve genellikle kara yoluyla yap\u0131lan turizm i\u00e7in ziyaret etmek isteyen Irakl\u0131 gezginlerin s\u0131k\u0131nt\u0131lar\u0131n\u0131 da hafifletiyor\u2019\u2019 ifadelerini s\u00f6zlerini kulland\u0131.<\/p>\n<p>Kusa, her iki y\u00f6nde de rezervasyon yapt\u0131rmak isteyen yolcular\u0131, \u015firketin valiliklerdeki ofisleriyle ileti\u015fime ge\u00e7erek u\u00e7u\u015flar hakk\u0131nda bilgi almaya da \u00e7a\u011f\u0131rd\u0131.<\/p>\n<p><a href=\"https:\/\/t.me\/SuriyeArapHaberAjansI\">Telegram Kanal\u0131m\u0131z\u00a0<\/a><\/p>\n<p><a href=\"https:\/\/www.facebook.com\/SANAHaberAjansi\/\">Facebook Sayfam\u0131z<\/a><\/p>\n<p><a href=\"https:\/\/twitter.com\/arap_ajans\">Twitter Hesab\u0131m\u0131z<\/a><\/p>\n","protected":false},"excerpt":{"rendered":"<p>\u015eAM &#8211; Suriye Hava Kurumu, Irak&#8217;taki Necef Havaliman\u0131&#8217;na haftada iki u\u00e7u\u015fla u\u00e7u\u015flar\u0131n\u0131n yeniden ba\u015flad\u0131\u011f\u0131n\u0131 duyurdu. \u015eirketin ticari direkt\u00f6r\u00fc Samir Kusa, SANA muhabirine yapt\u0131\u011f\u0131 a\u00e7\u0131klamada a\u00e7\u0131klama, \u2018\u2019\u015eam-Necef hatt\u0131n\u0131n Sal\u0131 ve Cuma g\u00fcnleri olmak \u00fczere haftada iki seferle yeniden a\u00e7\u0131lmas\u0131, iki \u00fclkeden gelen yolcular\u0131n kar\u015f\u0131l\u0131kl\u0131 rezervasyonlar\u0131ndaki art\u0131\u015f\u0131n ard\u0131ndan geldi\u2019\u2019 dedi Kusa ayr\u0131ca, \u2018\u2019Karar, gezginlerin ma\u011fduriyetinin hafifletilmesine katk\u0131da &hellip;<\/p>\n","protected":false},"author":41,"featured_media":284142,"comment_status":"closed","ping_status":"closed","sticky":false,"template":"","format":"standard","meta":{"footnotes":""},"categories":[479,17988,478],"tags":[38633,1978,38631,38632,28136,38324,38380],"class_list":["post-284141","post","type-post","status-publish","format-standard","has-post-thumbnail","","category-haberler-yerel","category-son-haberler","category-yerel","tag-el-necef","tag-irak","tag-iraktaki-necef-ucuslarini-yeniden-baslatti","tag-necef-i-eseref","tag-suriye-hava-yollari","tag-suriyede-hayat-durumu","tag-suriyede-ne-oluyor"],"_links":{"self":[{"href":"https:\/\/archive.sana.sy\/tr\/index.php?rest_route=\/wp\/v2\/posts\/284141","targetHints":{"allow":["GET"]}}],"collection":[{"href":"https:\/\/archive.sana.sy\/tr\/index.php?rest_route=\/wp\/v2\/posts"}],"about":[{"href":"https:\/\/archive.sana.sy\/tr\/index.php?rest_route=\/wp\/v2\/types\/post"}],"author":[{"embeddable":true,"href":"https:\/\/archive.sana.sy\/tr\/index.php?rest_route=\/wp\/v2\/users\/41"}],"replies":[{"embeddable":true,"href":"https:\/\/archive.sana.sy\/tr\/index.php?rest_route=%2Fwp%2Fv2%2Fcomments&post=284141"}],"version-history":[{"count":1,"href":"https:\/\/archive.sana.sy\/tr\/index.php?rest_route=\/wp\/v2\/posts\/284141\/revisions"}],"predecessor-version":[{"id":284143,"href":"https:\/\/archive.sana.sy\/tr\/index.php?rest_route=\/wp\/v2\/posts\/284141\/revisions\/284143"}],"wp:featuredmedia":[{"embeddable":true,"href":"https:\/\/archive.sana.sy\/tr\/index.php?rest_route=\/wp\/v2\/media\/284142"}],"wp:attachment":[{"href":"https:\/\/archive.sana.sy\/tr\/index.php?rest_route=%2Fwp%2Fv2%2Fmedia&parent=284141"}],"wp:term":[{"taxonomy":"category","embeddable":true,"href":"https:\/\/archive.sana.sy\/tr\/index.php?rest_route=%2Fwp%2Fv2%2Fcategories&post=284141"},{"taxonomy":"post_tag","embeddable":true,"href":"https:\/\/archive.sana.sy\/tr\/index.php?rest_route=%2Fwp%2Fv2%2Ftags&post=284141"}],"curies":[{"name":"wp","href":"https:\/\/api.w.org\/{rel}","templated":true}]}}