{"id":284147,"date":"2023-07-11T12:28:57","date_gmt":"2023-07-11T09:28:57","guid":{"rendered":"https:\/\/sana.sy\/tr\/?p=284147"},"modified":"2023-07-12T10:15:59","modified_gmt":"2023-07-12T07:15:59","slug":"suriye-cezayirdeki-arap-turnuvasinda-bisiklet-yarismalarinda-gumus-madalya-kazandi","status":"publish","type":"post","link":"https:\/\/archive.sana.sy\/tr\/?p=284147","title":{"rendered":"Suriye, Cezayir&#8217;deki Arap Turnuvas\u0131nda Bisiklet Yar\u0131\u015fmalar\u0131nda G\u00fcm\u00fc\u015f Madalya Kazand\u0131"},"content":{"rendered":"<p><strong>CEZAY\u0130R<\/strong> &#8211; Suriyeli bisiklet tak\u0131m\u0131 bug\u00fcn Cezayir&#8217;de d\u00fczenlenen spor m\u00fcsabakalar\u0131nda g\u00fcm\u00fc\u015f madalyan\u0131n sahibi oldu.<\/p>\n<p>G\u00fcm\u00fc\u015f madalya, zamana kar\u015f\u0131 bireysel yar\u0131\u015fta tak\u0131m oyuncumuz Miran El Far\u2019s&#8217;ten geldi.<\/p>\n<p>Bu madalya ile turnuvaya kat\u0131lan heyetimizin \u00e7e\u015fitli oyunlarda dengesi 38 madalyaya y\u00fckselmi\u015f oldu.<\/p>\n<p><a href=\"https:\/\/t.me\/SuriyeArapHaberAjansI\">Telegram Kanal\u0131m\u0131z\u00a0<\/a><\/p>\n<p><a href=\"https:\/\/www.facebook.com\/SANAHaberAjansi\/\">Facebook Sayfam\u0131z<\/a><\/p>\n<p><a href=\"https:\/\/twitter.com\/arap_ajans\">Twitter Hesab\u0131m\u0131z<\/a><\/p>\n","protected":false},"excerpt":{"rendered":"<p>CEZAY\u0130R &#8211; Suriyeli bisiklet tak\u0131m\u0131 bug\u00fcn Cezayir&#8217;de d\u00fczenlenen spor m\u00fcsabakalar\u0131nda g\u00fcm\u00fc\u015f madalyan\u0131n sahibi oldu. G\u00fcm\u00fc\u015f madalya, zamana kar\u015f\u0131 bireysel yar\u0131\u015fta tak\u0131m oyuncumuz Miran El Far\u2019s&#8217;ten geldi. Bu madalya ile turnuvaya kat\u0131lan heyetimizin \u00e7e\u015fitli oyunlarda dengesi 38 madalyaya y\u00fckselmi\u015f oldu. Telegram Kanal\u0131m\u0131z\u00a0 Facebook Sayfam\u0131z Twitter Hesab\u0131m\u0131z<\/p>\n","protected":false},"author":41,"featured_media":284148,"comment_status":"closed","ping_status":"closed","sticky":false,"template":"","format":"standard","meta":{"footnotes":""},"categories":[458,498,459,17988,496],"tags":[19043,38634,26131],"class_list":["post-284147","post","type-post","status-publish","format-standard","has-post-thumbnail","","category-dunya1","category-dunya-turnuvalari","category-haberler-arap-uluslararasi-politika","category-son-haberler","category-spor","tag-suriyede-son-durum","tag-suriyede-son-gelimler","tag-suriyede-spor"],"_links":{"self":[{"href":"https:\/\/archive.sana.sy\/tr\/index.php?rest_route=\/wp\/v2\/posts\/284147","targetHints":{"allow":["GET"]}}],"collection":[{"href":"https:\/\/archive.sana.sy\/tr\/index.php?rest_route=\/wp\/v2\/posts"}],"about":[{"href":"https:\/\/archive.sana.sy\/tr\/index.php?rest_route=\/wp\/v2\/types\/post"}],"author":[{"embeddable":true,"href":"https:\/\/archive.sana.sy\/tr\/index.php?rest_route=\/wp\/v2\/users\/41"}],"replies":[{"embeddable":true,"href":"https:\/\/archive.sana.sy\/tr\/index.php?rest_route=%2Fwp%2Fv2%2Fcomments&post=284147"}],"version-history":[{"count":1,"href":"https:\/\/archive.sana.sy\/tr\/index.php?rest_route=\/wp\/v2\/posts\/284147\/revisions"}],"predecessor-version":[{"id":284149,"href":"https:\/\/archive.sana.sy\/tr\/index.php?rest_route=\/wp\/v2\/posts\/284147\/revisions\/284149"}],"wp:featuredmedia":[{"embeddable":true,"href":"https:\/\/archive.sana.sy\/tr\/index.php?rest_route=\/wp\/v2\/media\/284148"}],"wp:attachment":[{"href":"https:\/\/archive.sana.sy\/tr\/index.php?rest_route=%2Fwp%2Fv2%2Fmedia&parent=284147"}],"wp:term":[{"taxonomy":"category","embeddable":true,"href":"https:\/\/archive.sana.sy\/tr\/index.php?rest_route=%2Fwp%2Fv2%2Fcategories&post=284147"},{"taxonomy":"post_tag","embeddable":true,"href":"https:\/\/archive.sana.sy\/tr\/index.php?rest_route=%2Fwp%2Fv2%2Ftags&post=284147"}],"curies":[{"name":"wp","href":"https:\/\/api.w.org\/{rel}","templated":true}]}}