{"id":284150,"date":"2023-07-11T17:51:10","date_gmt":"2023-07-11T14:51:10","guid":{"rendered":"https:\/\/sana.sy\/tr\/?p=284150"},"modified":"2023-07-11T18:32:33","modified_gmt":"2023-07-11T15:32:33","slug":"rusya-sinir-otesi-yardim-bahanesiyle-batinin-guvenlik-konseyinde-suriyenin-egemenligini-ihlal-eden-bir-karar-taslagina-karsi-veto-yetkisini-kullandi","status":"publish","type":"post","link":"https:\/\/archive.sana.sy\/tr\/?p=284150","title":{"rendered":"Rusya, s\u0131n\u0131r \u00f6tesi yard\u0131m bahanesiyle Bat\u0131&#8217;n\u0131n G\u00fcvenlik Konseyi&#8217;nde Suriye&#8217;nin egemenli\u011fini ihlal eden bir karar tasla\u011f\u0131na kar\u015f\u0131 veto yetkisini kulland\u0131"},"content":{"rendered":"","protected":false},"excerpt":{"rendered":"","protected":false},"author":41,"featured_media":0,"comment_status":"closed","ping_status":"closed","sticky":false,"template":"","format":"standard","meta":{"footnotes":""},"categories":[1],"tags":[],"class_list":["post-284150","post","type-post","status-publish","format-standard","","category-news-not-sorted"],"_links":{"self":[{"href":"https:\/\/archive.sana.sy\/tr\/index.php?rest_route=\/wp\/v2\/posts\/284150","targetHints":{"allow":["GET"]}}],"collection":[{"href":"https:\/\/archive.sana.sy\/tr\/index.php?rest_route=\/wp\/v2\/posts"}],"about":[{"href":"https:\/\/archive.sana.sy\/tr\/index.php?rest_route=\/wp\/v2\/types\/post"}],"author":[{"embeddable":true,"href":"https:\/\/archive.sana.sy\/tr\/index.php?rest_route=\/wp\/v2\/users\/41"}],"replies":[{"embeddable":true,"href":"https:\/\/archive.sana.sy\/tr\/index.php?rest_route=%2Fwp%2Fv2%2Fcomments&post=284150"}],"version-history":[{"count":1,"href":"https:\/\/archive.sana.sy\/tr\/index.php?rest_route=\/wp\/v2\/posts\/284150\/revisions"}],"predecessor-version":[{"id":284151,"href":"https:\/\/archive.sana.sy\/tr\/index.php?rest_route=\/wp\/v2\/posts\/284150\/revisions\/284151"}],"wp:attachment":[{"href":"https:\/\/archive.sana.sy\/tr\/index.php?rest_route=%2Fwp%2Fv2%2Fmedia&parent=284150"}],"wp:term":[{"taxonomy":"category","embeddable":true,"href":"https:\/\/archive.sana.sy\/tr\/index.php?rest_route=%2Fwp%2Fv2%2Fcategories&post=284150"},{"taxonomy":"post_tag","embeddable":true,"href":"https:\/\/archive.sana.sy\/tr\/index.php?rest_route=%2Fwp%2Fv2%2Ftags&post=284150"}],"curies":[{"name":"wp","href":"https:\/\/api.w.org\/{rel}","templated":true}]}}