{"id":284156,"date":"2023-07-11T18:00:42","date_gmt":"2023-07-11T15:00:42","guid":{"rendered":"https:\/\/sana.sy\/tr\/?p=284156"},"modified":"2023-07-12T10:18:12","modified_gmt":"2023-07-12T07:18:12","slug":"ulastirma-bakani-kirimdan-gelen-bir-heyet-ile-deniz-ve-hava-tasimaciliginda-isbirligi-iliskilerinin-guclendirilmesini-gorustu","status":"publish","type":"post","link":"https:\/\/archive.sana.sy\/tr\/?p=284156","title":{"rendered":"Ula\u015ft\u0131rma Bakan\u0131, K\u0131r\u0131m&#8217;dan Gelen Bir Heyet \u0130le Deniz Ve Hava Ta\u015f\u0131mac\u0131l\u0131\u011f\u0131nda \u0130\u015fbirli\u011fi \u0130li\u015fkilerinin G\u00fc\u00e7lendirilmesini G\u00f6r\u00fc\u015ft\u00fc"},"content":{"rendered":"<p><span style=\"color: #800000;\"><strong>\u015eAM<\/strong> <\/span>&#8211; Ula\u015ft\u0131rma Bakan\u0131 Z\u00fcheyir Huzeym&#8217;in K\u0131r\u0131m Cumhuriyeti Birinci Ba\u015fkan Yard\u0131mc\u0131s\u0131 Gordin Sergey Nikolayevi\u00e7 ve beraberindeki heyet ile yapt\u0131\u011f\u0131 g\u00f6r\u00fc\u015fmeler, ikili i\u015fbirli\u011fi ili\u015fkileri ve bunlar\u0131n geli\u015ftirilmesinin yan\u0131 s\u0131ra \u00f6nceki toplant\u0131 ve toplant\u0131lar\u0131n takibi ve geli\u015ftirilmesine odakland\u0131.<\/p>\n<p>Bug\u00fcn Bakanl\u0131k binas\u0131nda ger\u00e7ekle\u015ftirilen g\u00f6r\u00fc\u015fmede, ekonomik ve ticari takas ili\u015fkilerinin geli\u015ftirilmesi i\u00e7in deniz ve hava ta\u015f\u0131mac\u0131l\u0131\u011f\u0131 alan\u0131nda ortak i\u015f birli\u011finin ele al\u0131nmas\u0131 ele al\u0131nd\u0131.<\/p>\n<p>\u0130ki taraf, Karadeniz ve Akdeniz&#8217;de sahip olduklar\u0131 se\u00e7kin konumun avantaj\u0131n\u0131 kullanarak zorluklar\u0131n a\u015f\u0131lmas\u0131 ve i\u015f birli\u011fi f\u0131rsatlar\u0131n\u0131 art\u0131ran olumlu bir hava yarat\u0131lmas\u0131 amac\u0131yla teknik heyet g\u00f6r\u00fc\u015fmelerinin tamamlanaca\u011f\u0131 da vurguland\u0131.<\/p>\n<p><a href=\"https:\/\/t.me\/SuriyeArapHaberAjansI\">Telegram Kanal\u0131m\u0131z\u00a0<\/a><\/p>\n<p><a href=\"https:\/\/www.facebook.com\/SANAHaberAjansi\/\">Facebook Sayfam\u0131z<\/a><\/p>\n<p><a href=\"https:\/\/twitter.com\/arap_ajans\">Twitter Hesab\u0131m\u0131z<\/a><\/p>\n","protected":false},"excerpt":{"rendered":"<p>\u015eAM &#8211; Ula\u015ft\u0131rma Bakan\u0131 Z\u00fcheyir Huzeym&#8217;in K\u0131r\u0131m Cumhuriyeti Birinci Ba\u015fkan Yard\u0131mc\u0131s\u0131 Gordin Sergey Nikolayevi\u00e7 ve beraberindeki heyet ile yapt\u0131\u011f\u0131 g\u00f6r\u00fc\u015fmeler, ikili i\u015fbirli\u011fi ili\u015fkileri ve bunlar\u0131n geli\u015ftirilmesinin yan\u0131 s\u0131ra \u00f6nceki toplant\u0131 ve toplant\u0131lar\u0131n takibi ve geli\u015ftirilmesine odakland\u0131. Bug\u00fcn Bakanl\u0131k binas\u0131nda ger\u00e7ekle\u015ftirilen g\u00f6r\u00fc\u015fmede, ekonomik ve ticari takas ili\u015fkilerinin geli\u015ftirilmesi i\u00e7in deniz ve hava ta\u015f\u0131mac\u0131l\u0131\u011f\u0131 alan\u0131nda ortak i\u015f &hellip;<\/p>\n","protected":false},"author":41,"featured_media":284157,"comment_status":"closed","ping_status":"closed","sticky":false,"template":"","format":"standard","meta":{"footnotes":""},"categories":[479,17988,478],"tags":[38638,38639,38636,19043,38637,22182],"class_list":["post-284156","post","type-post","status-publish","format-standard","has-post-thumbnail","","category-haberler-yerel","category-son-haberler","category-yerel","tag-gordin-sergey-nikolayevic","tag-karadeniz-ve-akdeniz","tag-kirim-cimhuriyeti","tag-suriyede-son-durum","tag-suriyenin-kirim-ile-iliskileri","tag-suriyede-savas"],"_links":{"self":[{"href":"https:\/\/archive.sana.sy\/tr\/index.php?rest_route=\/wp\/v2\/posts\/284156","targetHints":{"allow":["GET"]}}],"collection":[{"href":"https:\/\/archive.sana.sy\/tr\/index.php?rest_route=\/wp\/v2\/posts"}],"about":[{"href":"https:\/\/archive.sana.sy\/tr\/index.php?rest_route=\/wp\/v2\/types\/post"}],"author":[{"embeddable":true,"href":"https:\/\/archive.sana.sy\/tr\/index.php?rest_route=\/wp\/v2\/users\/41"}],"replies":[{"embeddable":true,"href":"https:\/\/archive.sana.sy\/tr\/index.php?rest_route=%2Fwp%2Fv2%2Fcomments&post=284156"}],"version-history":[{"count":1,"href":"https:\/\/archive.sana.sy\/tr\/index.php?rest_route=\/wp\/v2\/posts\/284156\/revisions"}],"predecessor-version":[{"id":284158,"href":"https:\/\/archive.sana.sy\/tr\/index.php?rest_route=\/wp\/v2\/posts\/284156\/revisions\/284158"}],"wp:featuredmedia":[{"embeddable":true,"href":"https:\/\/archive.sana.sy\/tr\/index.php?rest_route=\/wp\/v2\/media\/284157"}],"wp:attachment":[{"href":"https:\/\/archive.sana.sy\/tr\/index.php?rest_route=%2Fwp%2Fv2%2Fmedia&parent=284156"}],"wp:term":[{"taxonomy":"category","embeddable":true,"href":"https:\/\/archive.sana.sy\/tr\/index.php?rest_route=%2Fwp%2Fv2%2Fcategories&post=284156"},{"taxonomy":"post_tag","embeddable":true,"href":"https:\/\/archive.sana.sy\/tr\/index.php?rest_route=%2Fwp%2Fv2%2Ftags&post=284156"}],"curies":[{"name":"wp","href":"https:\/\/api.w.org\/{rel}","templated":true}]}}