{"id":284176,"date":"2023-07-12T10:11:34","date_gmt":"2023-07-12T07:11:34","guid":{"rendered":"https:\/\/sana.sy\/tr\/?p=284176"},"modified":"2023-07-13T08:07:48","modified_gmt":"2023-07-13T05:07:48","slug":"284176","status":"publish","type":"post","link":"https:\/\/archive.sana.sy\/tr\/?p=284176","title":{"rendered":"Dhe\u015feh Kamp\u0131na D\u00fczenledi\u011fi Bask\u0131nda Birka\u00e7 Filistinli Yaraland\u0131 Ve 3 Ki\u015fi de Tutukland\u0131"},"content":{"rendered":"<p><strong>\u0130\u015eGAL ED\u0130LEN KUD\u00dcS<\/strong> \u2013 \u0130\u015fgal g\u00fc\u00e7lerinin, Bat\u0131 \u015eeria&#8217;daki Beyt Lahm&#8217;\u0131n g\u00fcneyindeki Dhe\u015feh kamp\u0131na d\u00fczenledi\u011fi bask\u0131n sonucunda birka\u00e7 Filistinli yaraland\u0131 ve 3 ki\u015fi daha tutukland\u0131.<\/p>\n<p>WAFA Haber Ajans\u0131, i\u015fgal g\u00fc\u00e7lerinin, Dhe\u015feh kamp\u0131na bask\u0131n d\u00fczenledi\u011fini, Filistinlilere kur\u015fun ve zehirli gaz bombalar\u0131yla sald\u0131rd\u0131\u011f\u0131n\u0131, bunun sonucunda birka\u00e7 Filistinlinin bo\u011fularak, 3 ki\u015fiyi de tutuklad\u0131\u011f\u0131n\u0131 belirtti.<\/p>\n<p><a href=\"https:\/\/t.me\/SuriyeArapHaberAjansI\">Telegram Kanal\u0131m\u0131z\u00a0<\/a><\/p>\n<p><a href=\"https:\/\/www.facebook.com\/SANAHaberAjansi\/\">Facebook Sayfam\u0131z<\/a><\/p>\n<p><a href=\"https:\/\/twitter.com\/arap_ajans\">Twitter Hesab\u0131m\u0131z<\/a><\/p>\n","protected":false},"excerpt":{"rendered":"<p>\u0130\u015eGAL ED\u0130LEN KUD\u00dcS \u2013 \u0130\u015fgal g\u00fc\u00e7lerinin, Bat\u0131 \u015eeria&#8217;daki Beyt Lahm&#8217;\u0131n g\u00fcneyindeki Dhe\u015feh kamp\u0131na d\u00fczenledi\u011fi bask\u0131n sonucunda birka\u00e7 Filistinli yaraland\u0131 ve 3 ki\u015fi daha tutukland\u0131. WAFA Haber Ajans\u0131, i\u015fgal g\u00fc\u00e7lerinin, Dhe\u015feh kamp\u0131na bask\u0131n d\u00fczenledi\u011fini, Filistinlilere kur\u015fun ve zehirli gaz bombalar\u0131yla sald\u0131rd\u0131\u011f\u0131n\u0131, bunun sonucunda birka\u00e7 Filistinlinin bo\u011fularak, 3 ki\u015fiyi de tutuklad\u0131\u011f\u0131n\u0131 belirtti. Telegram Kanal\u0131m\u0131z\u00a0 Facebook Sayfam\u0131z Twitter &hellip;<\/p>\n","protected":false},"author":39,"featured_media":284177,"comment_status":"closed","ping_status":"closed","sticky":false,"template":"","format":"standard","meta":{"footnotes":""},"categories":[458,459,17988],"tags":[],"class_list":["post-284176","post","type-post","status-publish","format-standard","has-post-thumbnail","","category-dunya1","category-haberler-arap-uluslararasi-politika","category-son-haberler"],"_links":{"self":[{"href":"https:\/\/archive.sana.sy\/tr\/index.php?rest_route=\/wp\/v2\/posts\/284176","targetHints":{"allow":["GET"]}}],"collection":[{"href":"https:\/\/archive.sana.sy\/tr\/index.php?rest_route=\/wp\/v2\/posts"}],"about":[{"href":"https:\/\/archive.sana.sy\/tr\/index.php?rest_route=\/wp\/v2\/types\/post"}],"author":[{"embeddable":true,"href":"https:\/\/archive.sana.sy\/tr\/index.php?rest_route=\/wp\/v2\/users\/39"}],"replies":[{"embeddable":true,"href":"https:\/\/archive.sana.sy\/tr\/index.php?rest_route=%2Fwp%2Fv2%2Fcomments&post=284176"}],"version-history":[{"count":6,"href":"https:\/\/archive.sana.sy\/tr\/index.php?rest_route=\/wp\/v2\/posts\/284176\/revisions"}],"predecessor-version":[{"id":284183,"href":"https:\/\/archive.sana.sy\/tr\/index.php?rest_route=\/wp\/v2\/posts\/284176\/revisions\/284183"}],"wp:featuredmedia":[{"embeddable":true,"href":"https:\/\/archive.sana.sy\/tr\/index.php?rest_route=\/wp\/v2\/media\/284177"}],"wp:attachment":[{"href":"https:\/\/archive.sana.sy\/tr\/index.php?rest_route=%2Fwp%2Fv2%2Fmedia&parent=284176"}],"wp:term":[{"taxonomy":"category","embeddable":true,"href":"https:\/\/archive.sana.sy\/tr\/index.php?rest_route=%2Fwp%2Fv2%2Fcategories&post=284176"},{"taxonomy":"post_tag","embeddable":true,"href":"https:\/\/archive.sana.sy\/tr\/index.php?rest_route=%2Fwp%2Fv2%2Ftags&post=284176"}],"curies":[{"name":"wp","href":"https:\/\/api.w.org\/{rel}","templated":true}]}}