{"id":284191,"date":"2023-07-12T10:44:58","date_gmt":"2023-07-12T07:44:58","guid":{"rendered":"https:\/\/sana.sy\/tr\/?p=284191"},"modified":"2023-07-13T08:07:58","modified_gmt":"2023-07-13T05:07:58","slug":"rusya-disisleri-bakanligi-bm-temsilcileri-suriyedeki-uluslararasi-insani-yardim-kurallarini-gormezden-geliyor","status":"publish","type":"post","link":"https:\/\/archive.sana.sy\/tr\/?p=284191","title":{"rendered":"Rusya D\u0131\u015fi\u015fleri Bakanl\u0131\u011f\u0131: BM Temsilcileri Suriye&#8217;deki Uluslararas\u0131 \u0130nsani Yard\u0131m Kurallar\u0131n\u0131 G\u00f6rmezden Geliyor"},"content":{"rendered":"<p><strong>MOSKOVA<\/strong> \u2013 Rusya D\u0131\u015fi\u015fleri Bakanl\u0131\u011f\u0131, &#8220;\u00fcst d\u00fczey&#8221; BM temsilcilerinin Bat\u0131l\u0131 \u00fclkelerin siyasi taleplerini kar\u015f\u0131lamak i\u00e7in uluslararas\u0131 insani yard\u0131m\u0131n kural ve temel ilkelerini hi\u00e7e saymas\u0131n\u0131 ve milyonlarca Suriyelinin ac\u0131 \u00e7ekmesini k\u0131nad\u0131.<\/p>\n<p>Rusya D\u0131\u015fi\u015fleri Bakanl\u0131\u011f\u0131&#8217;ndan bug\u00fcn yap\u0131lan a\u00e7\u0131klamada, &#8221;Moskova&#8217;n\u0131n dikkatini, s\u0131n\u0131r \u00f6tesi mekanizma da dahil olmak \u00fczere Suriye&#8217;ye uluslararas\u0131 insani yard\u0131m konusunda New York&#8217;taki G\u00fcvenlik Konseyi&#8217;ndeki tart\u0131\u015fman\u0131n arka plan\u0131na kar\u015f\u0131 5 Temmuz&#8217;da Birle\u015fmi\u015f Milletler&#8217;in insani kanad\u0131 temsilcilerinin toplu \u00e7a\u011fr\u0131s\u0131na \u00e7ekti&#8221; ifadeler kulan\u0131ld\u0131.<\/p>\n<p>Bakanl\u0131k a\u00e7\u0131klamas\u0131nda ay\u0131rca, &#8220;\u0130ddia ettikleri gibi tamamen tesad\u00fcfen \u00e7o\u011funlukla Amerikal\u0131lar ve Avrupal\u0131lardan&#8221; olu\u015fan Birle\u015fmi\u015f Milletler&#8217;in genel olarak Suriyelilere y\u00f6nelik insani yard\u0131m ile uluslararas\u0131 insanc\u0131l hukuku ihlal eden keyfi mekanizma aras\u0131nda bir e\u015fitlik i\u015fareti koydu\u011funa i\u015faret etti.<\/p>\n<p>A\u00e7\u0131klamada, Suriye&#8217;nin 2014 y\u0131l\u0131ndan bu yana ge\u00e7ici ve acil bir \u00f6nlem olarak, h\u00fck\u00fcmetinin onay\u0131 ve koordinasyonu olmaks\u0131z\u0131n insani yard\u0131m\u0131n ula\u015ft\u0131r\u0131lmas\u0131na y\u00f6nelik s\u0131n\u0131r \u00f6tesi bir mekanizma olarak faaliyet g\u00f6sterdi\u011fi d\u00fcnyadaki tek \u00fclke olmaya devam etti\u011fine dikkat \u00e7ekilirken, &#8221;Bu mekanizma, \u0130dlib&#8217;deki G\u00fcvenlik Konseyi&#8217;nde ter\u00f6r \u00f6rg\u00fctlerinin kesintisiz ikmalini sa\u011flamak i\u00e7in kullan\u0131l\u0131yor&#8221; ifadeler de kullan\u0131ld\u0131.<\/p>\n<p>A\u00e7\u0131klamada, Suriye h\u00fck\u00fcmetinin denetimindeki b\u00f6lgelerde ya\u015fd\u0131klar\u0131ndan dolay\u0131\u00a0 Bat\u0131&#8217;n\u0131n 14 milyon Suriyelinin ac\u0131lar\u0131n\u0131 ve ihtiya\u00e7lar\u0131n\u0131 hi\u00e7e saymas\u0131 k\u0131nand\u0131.<\/p>\n<p><a href=\"https:\/\/t.me\/SuriyeArapHaberAjansI\">Telegram Kanal\u0131m\u0131z\u00a0<\/a><\/p>\n<p><a href=\"https:\/\/www.facebook.com\/SANAHaberAjansi\/\">Facebook Sayfam\u0131z<\/a><\/p>\n<p><a href=\"https:\/\/twitter.com\/arap_ajans\">Twitter Hesab\u0131m\u0131z<\/a><\/p>\n","protected":false},"excerpt":{"rendered":"<p>MOSKOVA \u2013 Rusya D\u0131\u015fi\u015fleri Bakanl\u0131\u011f\u0131, &#8220;\u00fcst d\u00fczey&#8221; BM temsilcilerinin Bat\u0131l\u0131 \u00fclkelerin siyasi taleplerini kar\u015f\u0131lamak i\u00e7in uluslararas\u0131 insani yard\u0131m\u0131n kural ve temel ilkelerini hi\u00e7e saymas\u0131n\u0131 ve milyonlarca Suriyelinin ac\u0131 \u00e7ekmesini k\u0131nad\u0131. Rusya D\u0131\u015fi\u015fleri Bakanl\u0131\u011f\u0131&#8217;ndan bug\u00fcn yap\u0131lan a\u00e7\u0131klamada, &#8221;Moskova&#8217;n\u0131n dikkatini, s\u0131n\u0131r \u00f6tesi mekanizma da dahil olmak \u00fczere Suriye&#8217;ye uluslararas\u0131 insani yard\u0131m konusunda New York&#8217;taki G\u00fcvenlik Konseyi&#8217;ndeki tart\u0131\u015fman\u0131n &hellip;<\/p>\n","protected":false},"author":39,"featured_media":284192,"comment_status":"closed","ping_status":"closed","sticky":false,"template":"","format":"standard","meta":{"footnotes":""},"categories":[458,459,17988],"tags":[],"class_list":["post-284191","post","type-post","status-publish","format-standard","has-post-thumbnail","","category-dunya1","category-haberler-arap-uluslararasi-politika","category-son-haberler"],"_links":{"self":[{"href":"https:\/\/archive.sana.sy\/tr\/index.php?rest_route=\/wp\/v2\/posts\/284191","targetHints":{"allow":["GET"]}}],"collection":[{"href":"https:\/\/archive.sana.sy\/tr\/index.php?rest_route=\/wp\/v2\/posts"}],"about":[{"href":"https:\/\/archive.sana.sy\/tr\/index.php?rest_route=\/wp\/v2\/types\/post"}],"author":[{"embeddable":true,"href":"https:\/\/archive.sana.sy\/tr\/index.php?rest_route=\/wp\/v2\/users\/39"}],"replies":[{"embeddable":true,"href":"https:\/\/archive.sana.sy\/tr\/index.php?rest_route=%2Fwp%2Fv2%2Fcomments&post=284191"}],"version-history":[{"count":1,"href":"https:\/\/archive.sana.sy\/tr\/index.php?rest_route=\/wp\/v2\/posts\/284191\/revisions"}],"predecessor-version":[{"id":284193,"href":"https:\/\/archive.sana.sy\/tr\/index.php?rest_route=\/wp\/v2\/posts\/284191\/revisions\/284193"}],"wp:featuredmedia":[{"embeddable":true,"href":"https:\/\/archive.sana.sy\/tr\/index.php?rest_route=\/wp\/v2\/media\/284192"}],"wp:attachment":[{"href":"https:\/\/archive.sana.sy\/tr\/index.php?rest_route=%2Fwp%2Fv2%2Fmedia&parent=284191"}],"wp:term":[{"taxonomy":"category","embeddable":true,"href":"https:\/\/archive.sana.sy\/tr\/index.php?rest_route=%2Fwp%2Fv2%2Fcategories&post=284191"},{"taxonomy":"post_tag","embeddable":true,"href":"https:\/\/archive.sana.sy\/tr\/index.php?rest_route=%2Fwp%2Fv2%2Ftags&post=284191"}],"curies":[{"name":"wp","href":"https:\/\/api.w.org\/{rel}","templated":true}]}}