{"id":284196,"date":"2023-07-12T12:38:20","date_gmt":"2023-07-12T09:38:20","guid":{"rendered":"https:\/\/sana.sy\/tr\/?p=284196"},"modified":"2023-07-13T08:08:27","modified_gmt":"2023-07-13T05:08:27","slug":"cin-suriyenin-egemenligine-ve-toprak-butunlugune-saygi-duyulmasi-gerektigini-vurguladi","status":"publish","type":"post","link":"https:\/\/archive.sana.sy\/tr\/?p=284196","title":{"rendered":"\u00c7in, Suriye&#8217;nin Egemenli\u011fine Ve Toprak B\u00fct\u00fcnl\u00fc\u011f\u00fcne Sayg\u0131 Duyulmas\u0131 Gerekti\u011fini Vurgulad\u0131"},"content":{"rendered":"<p><strong>NEW YORK \u2013 <\/strong>\u00c7in&#8217;in Birle\u015fmi\u015f Milletler Daimi Temsilcisi Zhang Jun, Suriye&#8217;ye insani yard\u0131m girmesine ili\u015fkin her t\u00fcrl\u00fc tart\u0131\u015fmada Suriye&#8217;nin egemenli\u011fine ve toprak b\u00fct\u00fcnl\u00fc\u011f\u00fcne sayg\u0131 duyulmas\u0131 gerekti\u011fini vurgulad\u0131.<\/p>\n<p>Zhang, G\u00fcvenlik Konseyi oturumunda yapt\u0131\u011f\u0131 konu\u015fmada, &#8220;\u00c7in&#8217;in Suriye&#8217;deki insani meseledeki konumututarl\u0131 ve nettir ve Suriye&#8217;ye insani yard\u0131m\u0131n egemenli\u011fine sayg\u0131 duyarak sa\u011flanmas\u0131 gerekti\u011fini her zaman vurgulad\u0131k&#8221; dedi.<\/p>\n<p><strong>\u00a0<\/strong>Zhang ayr\u0131ca, tek tarafl\u0131 yapt\u0131r\u0131mlar\u0131n insani yard\u0131m g\u00f6nderme \u00fczerindeki olumsuz etkilerine kar\u015f\u0131 koyma, \u00e7ifte standartlar\u0131 terk etme ve insani sorunlar\u0131 siyasalla\u015ft\u0131rma ve dan\u0131\u015fmaya devam etme ve birbirlerinin endi\u015felerini giderebilecek en b\u00fcy\u00fck ortak fakt\u00f6r\u00fc aramaya devam etme \u00e7a\u011fr\u0131s\u0131nda bulundu.<\/p>\n<p><a href=\"https:\/\/t.me\/SuriyeArapHaberAjansI\">Telegram Kanal\u0131m\u0131z\u00a0<\/a><\/p>\n<p><a href=\"https:\/\/www.facebook.com\/SANAHaberAjansi\/\">Facebook Sayfam\u0131z<\/a><\/p>\n<p><a href=\"https:\/\/twitter.com\/arap_ajans\">Twitter Hesab\u0131m\u0131z<\/a><\/p>\n","protected":false},"excerpt":{"rendered":"<p>NEW YORK \u2013 \u00c7in&#8217;in Birle\u015fmi\u015f Milletler Daimi Temsilcisi Zhang Jun, Suriye&#8217;ye insani yard\u0131m girmesine ili\u015fkin her t\u00fcrl\u00fc tart\u0131\u015fmada Suriye&#8217;nin egemenli\u011fine ve toprak b\u00fct\u00fcnl\u00fc\u011f\u00fcne sayg\u0131 duyulmas\u0131 gerekti\u011fini vurgulad\u0131. Zhang, G\u00fcvenlik Konseyi oturumunda yapt\u0131\u011f\u0131 konu\u015fmada, &#8220;\u00c7in&#8217;in Suriye&#8217;deki insani meseledeki konumututarl\u0131 ve nettir ve Suriye&#8217;ye insani yard\u0131m\u0131n egemenli\u011fine sayg\u0131 duyarak sa\u011flanmas\u0131 gerekti\u011fini her zaman vurgulad\u0131k&#8221; dedi. \u00a0Zhang ayr\u0131ca, &hellip;<\/p>\n","protected":false},"author":39,"featured_media":284197,"comment_status":"closed","ping_status":"closed","sticky":false,"template":"","format":"standard","meta":{"footnotes":""},"categories":[458,459,17988],"tags":[],"class_list":["post-284196","post","type-post","status-publish","format-standard","has-post-thumbnail","","category-dunya1","category-haberler-arap-uluslararasi-politika","category-son-haberler"],"_links":{"self":[{"href":"https:\/\/archive.sana.sy\/tr\/index.php?rest_route=\/wp\/v2\/posts\/284196","targetHints":{"allow":["GET"]}}],"collection":[{"href":"https:\/\/archive.sana.sy\/tr\/index.php?rest_route=\/wp\/v2\/posts"}],"about":[{"href":"https:\/\/archive.sana.sy\/tr\/index.php?rest_route=\/wp\/v2\/types\/post"}],"author":[{"embeddable":true,"href":"https:\/\/archive.sana.sy\/tr\/index.php?rest_route=\/wp\/v2\/users\/39"}],"replies":[{"embeddable":true,"href":"https:\/\/archive.sana.sy\/tr\/index.php?rest_route=%2Fwp%2Fv2%2Fcomments&post=284196"}],"version-history":[{"count":1,"href":"https:\/\/archive.sana.sy\/tr\/index.php?rest_route=\/wp\/v2\/posts\/284196\/revisions"}],"predecessor-version":[{"id":284198,"href":"https:\/\/archive.sana.sy\/tr\/index.php?rest_route=\/wp\/v2\/posts\/284196\/revisions\/284198"}],"wp:featuredmedia":[{"embeddable":true,"href":"https:\/\/archive.sana.sy\/tr\/index.php?rest_route=\/wp\/v2\/media\/284197"}],"wp:attachment":[{"href":"https:\/\/archive.sana.sy\/tr\/index.php?rest_route=%2Fwp%2Fv2%2Fmedia&parent=284196"}],"wp:term":[{"taxonomy":"category","embeddable":true,"href":"https:\/\/archive.sana.sy\/tr\/index.php?rest_route=%2Fwp%2Fv2%2Fcategories&post=284196"},{"taxonomy":"post_tag","embeddable":true,"href":"https:\/\/archive.sana.sy\/tr\/index.php?rest_route=%2Fwp%2Fv2%2Ftags&post=284196"}],"curies":[{"name":"wp","href":"https:\/\/api.w.org\/{rel}","templated":true}]}}