{"id":2842,"date":"2014-06-11T17:01:24","date_gmt":"2014-06-11T14:01:24","guid":{"rendered":"http:\/\/sanasyria.org\/tr\/?p=2842"},"modified":"2014-06-14T13:52:53","modified_gmt":"2014-06-14T10:52:53","slug":"semhani-buyuk-bir-skandal","status":"publish","type":"post","link":"https:\/\/archive.sana.sy\/tr\/?p=2842","title":{"rendered":"\u015eemhani: B\u00fcy\u00fck Bir Skandal"},"content":{"rendered":"<p><span style=\"color: #800000\">TAHRAN \u2013<\/span> \u0130ran \u0130slam Devrimi Liderinin temsilcisi ve \u0130ran Milli G\u00fcvenlik Y\u00fcksek Kurulu Sekreteri Ali \u015eemhani; Suriye&#8217;de yap\u0131lan cumhurba\u015fkanl\u0131\u011f\u0131 se\u00e7imleri sonu\u00e7lar\u0131n\u0131n tam anlam\u0131yla ulusal bir zafer oldu\u011funu belirterek; bu se\u00e7imleri kazanmas\u0131 m\u00fcnasebetiyle Cumhurba\u015fkan\u0131 Be\u015f\u015far el Esad ve Suriye halk\u0131na tebriklerini takdim etti.<\/p>\n<p>Suriye&#8217;nin Tahran B\u00fcy\u00fckel\u00e7isi Adnan Mahmut ile bug\u00fcn Tahran\u2019da bir araya gelen \u015eemhani; Suriye&#8217;de h\u00fcr ve halk\u00e7\u0131 se\u00e7imlerin yap\u0131lmas\u0131n\u0131n \u00fclkede krizi provoke etme k\u0131\u015fk\u0131rtmalar\u0131na s\u0131n\u0131r koymakla birlikte Suriye halk\u0131n\u0131n ac\u0131lar\u0131n\u0131 hafifletme niteli\u011fi ta\u015f\u0131d\u0131\u011f\u0131n\u0131, ter\u00f6r gruplar\u0131 ve koruyucular\u0131na da hezimet te\u015fkil etti\u011fini s\u00f6yledi.<\/p>\n<p>\u015eemhani Suriye&#8217;de ter\u00f6r eylemleri neticesinde meydana gelen y\u0131k\u0131m\u0131 yeniden yap\u0131land\u0131rma ve Suriye halk\u0131n\u0131n g\u00fcvenlik ve istikrar\u0131n\u0131 sa\u011flama gere\u011finin alt\u0131n\u0131 \u00e7izdi.<\/p>\n<p>Suriye&#8217;de ter\u00f6r gruplar\u0131n\u0131 destekleyen ve himaye eden Bat\u0131l\u0131 devletlerin Suriye halk\u0131n\u0131n iradesi ve isteklerine kar\u015f\u0131 bu ter\u00f6ristleri silahland\u0131rmalar\u0131n\u0131 \u2018b\u00fcy\u00fck bir skandal\u2019 olarak nitelendiren \u015eemhani; t\u00fcm devletleri Suriye halk\u0131n\u0131n sesini dinlemekle birlikte demokrasi ve uluslar aras\u0131 kanunlara sayg\u0131 g\u00f6stermeye \u00e7a\u011f\u0131rd\u0131.<\/p>\n<p>G\u00f6r\u00fc\u015fmede B\u00fcy\u00fckel\u00e7i Mahmut; Suriye halk\u0131n\u0131n cumhurba\u015fkanl\u0131\u011f\u0131 se\u00e7imlerinde dayatt\u0131\u011f\u0131 ger\u00e7e\u011fe i\u015faret ederek, kaydedilen sonu\u00e7larla kimsenin halk\u0131n iradesini alt etmesinin m\u00fcmk\u00fcn olmad\u0131\u011f\u0131n\u0131 ortaya koydu\u011funu ifade etti.<\/p>\n","protected":false},"excerpt":{"rendered":"<p>TAHRAN \u2013 \u0130ran \u0130slam Devrimi Liderinin temsilcisi ve \u0130ran Milli G\u00fcvenlik Y\u00fcksek Kurulu Sekreteri Ali \u015eemhani; Suriye&#8217;de yap\u0131lan cumhurba\u015fkanl\u0131\u011f\u0131 se\u00e7imleri sonu\u00e7lar\u0131n\u0131n tam anlam\u0131yla ulusal bir zafer oldu\u011funu belirterek; bu se\u00e7imleri kazanmas\u0131 m\u00fcnasebetiyle Cumhurba\u015fkan\u0131 Be\u015f\u015far el Esad ve Suriye halk\u0131na tebriklerini takdim etti. Suriye&#8217;nin Tahran B\u00fcy\u00fckel\u00e7isi Adnan Mahmut ile bug\u00fcn Tahran\u2019da bir araya gelen \u015eemhani; Suriye&#8217;de &hellip;<\/p>\n","protected":false},"author":1,"featured_media":2843,"comment_status":"closed","ping_status":"closed","sticky":false,"template":"","format":"standard","meta":{"footnotes":""},"categories":[458,459],"tags":[637],"class_list":["post-2842","post","type-post","status-publish","format-standard","has-post-thumbnail","","category-dunya1","category-haberler-arap-uluslararasi-politika","tag-semhani-buyuk-bir-skandal"],"_links":{"self":[{"href":"https:\/\/archive.sana.sy\/tr\/index.php?rest_route=\/wp\/v2\/posts\/2842","targetHints":{"allow":["GET"]}}],"collection":[{"href":"https:\/\/archive.sana.sy\/tr\/index.php?rest_route=\/wp\/v2\/posts"}],"about":[{"href":"https:\/\/archive.sana.sy\/tr\/index.php?rest_route=\/wp\/v2\/types\/post"}],"author":[{"embeddable":true,"href":"https:\/\/archive.sana.sy\/tr\/index.php?rest_route=\/wp\/v2\/users\/1"}],"replies":[{"embeddable":true,"href":"https:\/\/archive.sana.sy\/tr\/index.php?rest_route=%2Fwp%2Fv2%2Fcomments&post=2842"}],"version-history":[{"count":0,"href":"https:\/\/archive.sana.sy\/tr\/index.php?rest_route=\/wp\/v2\/posts\/2842\/revisions"}],"wp:featuredmedia":[{"embeddable":true,"href":"https:\/\/archive.sana.sy\/tr\/index.php?rest_route=\/wp\/v2\/media\/2843"}],"wp:attachment":[{"href":"https:\/\/archive.sana.sy\/tr\/index.php?rest_route=%2Fwp%2Fv2%2Fmedia&parent=2842"}],"wp:term":[{"taxonomy":"category","embeddable":true,"href":"https:\/\/archive.sana.sy\/tr\/index.php?rest_route=%2Fwp%2Fv2%2Fcategories&post=2842"},{"taxonomy":"post_tag","embeddable":true,"href":"https:\/\/archive.sana.sy\/tr\/index.php?rest_route=%2Fwp%2Fv2%2Ftags&post=2842"}],"curies":[{"name":"wp","href":"https:\/\/api.w.org\/{rel}","templated":true}]}}