{"id":284218,"date":"2023-07-12T18:52:53","date_gmt":"2023-07-12T15:52:53","guid":{"rendered":"https:\/\/sana.sy\/tr\/?p=284218"},"modified":"2023-07-14T08:55:40","modified_gmt":"2023-07-14T05:55:40","slug":"rus-dis-istihbarat-direktoru-cia-baskaniyla-temas-kurdugunu-acikladi","status":"publish","type":"post","link":"https:\/\/archive.sana.sy\/tr\/?p=284218","title":{"rendered":"Rus D\u0131\u015f \u0130stihbarat Direkt\u00f6r\u00fc, CIA Ba\u015fkan\u0131yla Temas Kurdu\u011funu A\u00e7\u0131klad\u0131"},"content":{"rendered":"<p><strong>MOSKOVA<\/strong> &#8211; Rusya D\u0131\u015f \u0130stihbarat Te\u015fkilat\u0131 Ba\u015fkan\u0131 Sergey Naryshkin, CIA Ba\u015fkan\u0131 William Burns ile yak\u0131n zamanda yapt\u0131\u011f\u0131 bir telefon g\u00f6r\u00fc\u015fmesini if\u015fa etti.<\/p>\n<p>TASS ajans\u0131na g\u00f6re Naryshkin bug\u00fcn yapt\u0131\u011f\u0131 bas\u0131n a\u00e7\u0131klamalar\u0131nda, g\u00f6r\u00fc\u015fmenin &#8220;Wagner&#8221; grubunun Rusya&#8217;da silahl\u0131 isyan giri\u015fiminin arka plan\u0131na kar\u015f\u0131 Amerikan taraf\u0131n\u0131n inisiyatifiyle Haziran ay\u0131 sonunda ger\u00e7ekle\u015fti\u011fini belirtti.<\/p>\n<p>Naryshkin ayr\u0131ca, g\u00f6r\u00fc\u015fmenin yakla\u015f\u0131k bir saat s\u00fcrd\u00fc\u011f\u00fcn\u00fc belirterek Ukrayna krizine de\u011findi.<\/p>\n<p>Naryshkin ayr\u0131ca, Ukrayna m\u00fczakerelerinin \u015fartlar\u0131n\u0131n hen\u00fcz olgunla\u015fmam\u0131\u015f oldu\u011funu dikkate alarak, \u2018\u2019M\u00fczakereler er ya da ge\u00e7 yap\u0131lacakt\u0131r ki bu her ihtilafta normaldir ama bunun i\u00e7in gerekli ko\u015fullar\u0131n kristalle\u015fmesi gerekir\u2019\u2019 dedi.<\/p>\n<p>Naryshkin, CIA ba\u015fkan\u0131yla ki\u015fisel g\u00f6r\u00fc\u015fme olas\u0131l\u0131\u011f\u0131n\u0131n hala var oldu\u011funa dikkat \u00e7ekerken,\u00a0 \u015fu ifadeleri kulland\u0131: \u2018\u2019G\u00f6r\u00fc\u015fme konusunda anla\u015famad\u0131k ama b\u00f6yle bir ihtimal mevcuttur\u2019\u2019 .<\/p>\n<p><a href=\"https:\/\/t.me\/SuriyeArapHaberAjansI\">Telegram Kanal\u0131m\u0131z\u00a0<\/a><\/p>\n<p><a href=\"https:\/\/www.facebook.com\/SANAHaberAjansi\/\">Facebook Sayfam\u0131z<\/a><\/p>\n<p><a href=\"https:\/\/twitter.com\/arap_ajans\">Twitter Hesab\u0131m\u0131z<\/a><\/p>\n","protected":false},"excerpt":{"rendered":"<p>MOSKOVA &#8211; Rusya D\u0131\u015f \u0130stihbarat Te\u015fkilat\u0131 Ba\u015fkan\u0131 Sergey Naryshkin, CIA Ba\u015fkan\u0131 William Burns ile yak\u0131n zamanda yapt\u0131\u011f\u0131 bir telefon g\u00f6r\u00fc\u015fmesini if\u015fa etti. TASS ajans\u0131na g\u00f6re Naryshkin bug\u00fcn yapt\u0131\u011f\u0131 bas\u0131n a\u00e7\u0131klamalar\u0131nda, g\u00f6r\u00fc\u015fmenin &#8220;Wagner&#8221; grubunun Rusya&#8217;da silahl\u0131 isyan giri\u015fiminin arka plan\u0131na kar\u015f\u0131 Amerikan taraf\u0131n\u0131n inisiyatifiyle Haziran ay\u0131 sonunda ger\u00e7ekle\u015fti\u011fini belirtti. Naryshkin ayr\u0131ca, g\u00f6r\u00fc\u015fmenin yakla\u015f\u0131k bir saat s\u00fcrd\u00fc\u011f\u00fcn\u00fc &hellip;<\/p>\n","protected":false},"author":41,"featured_media":284219,"comment_status":"closed","ping_status":"closed","sticky":false,"template":"","format":"standard","meta":{"footnotes":""},"categories":[458,459,17988],"tags":[38667,38665,38664,38666,38344],"class_list":["post-284218","post","type-post","status-publish","format-standard","has-post-thumbnail","","category-dunya1","category-haberler-arap-uluslararasi-politika","category-son-haberler","tag-cia-baskani-william-burns","tag-cia-baskaniyla-temas-kurdugunu-acikladi","tag-rus-dis-istihbarat-direktoru","tag-rusya-dis-istihbarat-teskilati-baskani-sergey-naryshkin","tag-wagner"],"_links":{"self":[{"href":"https:\/\/archive.sana.sy\/tr\/index.php?rest_route=\/wp\/v2\/posts\/284218","targetHints":{"allow":["GET"]}}],"collection":[{"href":"https:\/\/archive.sana.sy\/tr\/index.php?rest_route=\/wp\/v2\/posts"}],"about":[{"href":"https:\/\/archive.sana.sy\/tr\/index.php?rest_route=\/wp\/v2\/types\/post"}],"author":[{"embeddable":true,"href":"https:\/\/archive.sana.sy\/tr\/index.php?rest_route=\/wp\/v2\/users\/41"}],"replies":[{"embeddable":true,"href":"https:\/\/archive.sana.sy\/tr\/index.php?rest_route=%2Fwp%2Fv2%2Fcomments&post=284218"}],"version-history":[{"count":1,"href":"https:\/\/archive.sana.sy\/tr\/index.php?rest_route=\/wp\/v2\/posts\/284218\/revisions"}],"predecessor-version":[{"id":284220,"href":"https:\/\/archive.sana.sy\/tr\/index.php?rest_route=\/wp\/v2\/posts\/284218\/revisions\/284220"}],"wp:featuredmedia":[{"embeddable":true,"href":"https:\/\/archive.sana.sy\/tr\/index.php?rest_route=\/wp\/v2\/media\/284219"}],"wp:attachment":[{"href":"https:\/\/archive.sana.sy\/tr\/index.php?rest_route=%2Fwp%2Fv2%2Fmedia&parent=284218"}],"wp:term":[{"taxonomy":"category","embeddable":true,"href":"https:\/\/archive.sana.sy\/tr\/index.php?rest_route=%2Fwp%2Fv2%2Fcategories&post=284218"},{"taxonomy":"post_tag","embeddable":true,"href":"https:\/\/archive.sana.sy\/tr\/index.php?rest_route=%2Fwp%2Fv2%2Ftags&post=284218"}],"curies":[{"name":"wp","href":"https:\/\/api.w.org\/{rel}","templated":true}]}}