{"id":284294,"date":"2023-07-15T14:06:30","date_gmt":"2023-07-15T11:06:30","guid":{"rendered":"https:\/\/sana.sy\/tr\/?p=284294"},"modified":"2023-07-17T08:14:23","modified_gmt":"2023-07-17T05:14:23","slug":"israil-isgal-gucleri-bati-seriadaki-nablusta-cok-sayida-bolgeye-baskin-duzenledi","status":"publish","type":"post","link":"https:\/\/archive.sana.sy\/tr\/?p=284294","title":{"rendered":"\u0130srail i\u015fgal g\u00fc\u00e7leri Bat\u0131 \u015eeria&#8217;daki Nablus&#8217;ta \u00c7ok Say\u0131da B\u00f6lgeye Bask\u0131n D\u00fczenledi"},"content":{"rendered":"<p><span style=\"color: #800000;\"><strong>\u0130\u015eGAL ED\u0130LEN KUD\u00dcS<\/strong> &#8211;<\/span> \u0130srail i\u015fgal g\u00fc\u00e7leri bug\u00fcn Bat\u0131 \u015eeria&#8217;daki Nablus vilayetinde bir\u00e7ok b\u00f6lgeye bask\u0131n d\u00fczenledi.<\/p>\n<p>Wafa Ajans\u0131, i\u015fgal g\u00fc\u00e7lerinin Askar kasabas\u0131n\u0131n El Mesakin Caddesi b\u00f6lgesini ve baz\u0131 mahalleleri bast\u0131\u011f\u0131n\u0131, Filistinlilere kur\u015fun ve zehirli gaz bombas\u0131 att\u0131\u011f\u0131n\u0131 bildirdi.<\/p>\n<p><a href=\"https:\/\/t.me\/SuriyeArapHaberAjansI\">Telegram Kanal\u0131m\u0131z\u00a0<\/a><\/p>\n<p><a href=\"https:\/\/www.facebook.com\/SANAHaberAjansi\/\">Facebook Sayfam\u0131z<\/a><\/p>\n<p><a href=\"https:\/\/twitter.com\/arap_ajans\">Twitter Hesab\u0131m\u0131z<\/a><\/p>\n","protected":false},"excerpt":{"rendered":"<p>\u0130\u015eGAL ED\u0130LEN KUD\u00dcS &#8211; \u0130srail i\u015fgal g\u00fc\u00e7leri bug\u00fcn Bat\u0131 \u015eeria&#8217;daki Nablus vilayetinde bir\u00e7ok b\u00f6lgeye bask\u0131n d\u00fczenledi. Wafa Ajans\u0131, i\u015fgal g\u00fc\u00e7lerinin Askar kasabas\u0131n\u0131n El Mesakin Caddesi b\u00f6lgesini ve baz\u0131 mahalleleri bast\u0131\u011f\u0131n\u0131, Filistinlilere kur\u015fun ve zehirli gaz bombas\u0131 att\u0131\u011f\u0131n\u0131 bildirdi. Telegram Kanal\u0131m\u0131z\u00a0 Facebook Sayfam\u0131z Twitter Hesab\u0131m\u0131z<\/p>\n","protected":false},"author":41,"featured_media":284295,"comment_status":"closed","ping_status":"closed","sticky":false,"template":"","format":"standard","meta":{"footnotes":""},"categories":[458,459,17988],"tags":[38700,38701,38703,38702],"class_list":["post-284294","post","type-post","status-publish","format-standard","has-post-thumbnail","","category-dunya1","category-haberler-arap-uluslararasi-politika","category-son-haberler","tag-israil-isgal-gucleri-bati-seriadaki-nablusta-cok-sayida-bolgeye-baskin-duzenledi","tag-israilin-filistinlilere-karsi-saldirilari","tag-nablus-ili","tag-wafa-ajansi"],"_links":{"self":[{"href":"https:\/\/archive.sana.sy\/tr\/index.php?rest_route=\/wp\/v2\/posts\/284294","targetHints":{"allow":["GET"]}}],"collection":[{"href":"https:\/\/archive.sana.sy\/tr\/index.php?rest_route=\/wp\/v2\/posts"}],"about":[{"href":"https:\/\/archive.sana.sy\/tr\/index.php?rest_route=\/wp\/v2\/types\/post"}],"author":[{"embeddable":true,"href":"https:\/\/archive.sana.sy\/tr\/index.php?rest_route=\/wp\/v2\/users\/41"}],"replies":[{"embeddable":true,"href":"https:\/\/archive.sana.sy\/tr\/index.php?rest_route=%2Fwp%2Fv2%2Fcomments&post=284294"}],"version-history":[{"count":1,"href":"https:\/\/archive.sana.sy\/tr\/index.php?rest_route=\/wp\/v2\/posts\/284294\/revisions"}],"predecessor-version":[{"id":284296,"href":"https:\/\/archive.sana.sy\/tr\/index.php?rest_route=\/wp\/v2\/posts\/284294\/revisions\/284296"}],"wp:featuredmedia":[{"embeddable":true,"href":"https:\/\/archive.sana.sy\/tr\/index.php?rest_route=\/wp\/v2\/media\/284295"}],"wp:attachment":[{"href":"https:\/\/archive.sana.sy\/tr\/index.php?rest_route=%2Fwp%2Fv2%2Fmedia&parent=284294"}],"wp:term":[{"taxonomy":"category","embeddable":true,"href":"https:\/\/archive.sana.sy\/tr\/index.php?rest_route=%2Fwp%2Fv2%2Fcategories&post=284294"},{"taxonomy":"post_tag","embeddable":true,"href":"https:\/\/archive.sana.sy\/tr\/index.php?rest_route=%2Fwp%2Fv2%2Ftags&post=284294"}],"curies":[{"name":"wp","href":"https:\/\/api.w.org\/{rel}","templated":true}]}}