{"id":284297,"date":"2023-07-15T14:16:54","date_gmt":"2023-07-15T11:16:54","guid":{"rendered":"https:\/\/sana.sy\/tr\/?p=284297"},"modified":"2023-07-17T08:14:27","modified_gmt":"2023-07-17T05:14:27","slug":"israil-isgalinin-saldirisi-sonucu-bir-milletvekili-ve-cok-sayida-gazeteci-yaralandi","status":"publish","type":"post","link":"https:\/\/archive.sana.sy\/tr\/?p=284297","title":{"rendered":"\u0130srail \u0130\u015fgalinin Sald\u0131r\u0131s\u0131 Sonucu L\u00fcbnanl\u0131 Bir Milletvekili Ve \u00c7ok Say\u0131da Gazeteci Yaraland\u0131"},"content":{"rendered":"<p><span style=\"color: #800000;\"><strong>BEYRUT<\/strong> <\/span>&#8211; \u0130srail i\u015fgal g\u00fc\u00e7leri, i\u015fgal alt\u0131ndaki Filistin s\u0131n\u0131r\u0131ndaki \u015eiba \u00e7iftliklerinde kurtar\u0131lan Bastra \u00e7iftli\u011finin biti\u015fi\u011findeki i\u015fgal alt\u0131ndaki Kafvua \u00e7iftli\u011finde s\u00f6zde (geri \u00e7ekilme hatt\u0131) bir gezi s\u0131ras\u0131nda L\u00fcbnanl\u0131 Milletvekili\u00a0 Kas\u0131m Ha\u015fim ve bir dizi L\u00fcbnanl\u0131 gazeteciye sald\u0131rd\u0131.<\/p>\n<p>\u0130\u015fgal g\u00fc\u00e7leri, Ha\u015fim \u00a0ve medya heyetine g\u00f6z ya\u015fart\u0131c\u0131 bomba att\u0131. Bu da, milletvekilin ba\u011fa\u011f\u0131ndan yaralanmas\u0131na \u00a0ve \u00e7ok say\u0131da gazetecinin bo\u011fulmas\u0131na yol a\u00e7t\u0131.<\/p>\n<p>Ha\u015fim, \u0130srail sald\u0131r\u0131s\u0131n\u0131n ard\u0131ndan\u00a0 Manar TV&#8217;ye yapt\u0131\u011f\u0131 a\u00e7\u0131klamada, \u00a0\u201c\u00c7ekilme hatt\u0131 diye bir \u015fey yok\u2026 Bizim topraklar\u0131m\u0131z\u0131n i\u015fgal alt\u0131ndaki b\u00f6lgelerinin \u00f6n\u00fcnde k\u0131rm\u0131z\u0131 \u00e7izgi yok ve bizim onlara ula\u015fma hakk\u0131m\u0131z var\u201d dedi.<\/p>\n<p><a href=\"https:\/\/t.me\/SuriyeArapHaberAjansI\">Telegram Kanal\u0131m\u0131z\u00a0<\/a><\/p>\n<p><a href=\"https:\/\/www.facebook.com\/SANAHaberAjansi\/\">Facebook Sayfam\u0131z<\/a><\/p>\n<p><a href=\"https:\/\/twitter.com\/arap_ajans\">Twitter Hesab\u0131m\u0131z<\/a><\/p>\n","protected":false},"excerpt":{"rendered":"<p>BEYRUT &#8211; \u0130srail i\u015fgal g\u00fc\u00e7leri, i\u015fgal alt\u0131ndaki Filistin s\u0131n\u0131r\u0131ndaki \u015eiba \u00e7iftliklerinde kurtar\u0131lan Bastra \u00e7iftli\u011finin biti\u015fi\u011findeki i\u015fgal alt\u0131ndaki Kafvua \u00e7iftli\u011finde s\u00f6zde (geri \u00e7ekilme hatt\u0131) bir gezi s\u0131ras\u0131nda L\u00fcbnanl\u0131 Milletvekili\u00a0 Kas\u0131m Ha\u015fim ve bir dizi L\u00fcbnanl\u0131 gazeteciye sald\u0131rd\u0131. \u0130\u015fgal g\u00fc\u00e7leri, Ha\u015fim \u00a0ve medya heyetine g\u00f6z ya\u015fart\u0131c\u0131 bomba att\u0131. Bu da, milletvekilin ba\u011fa\u011f\u0131ndan yaralanmas\u0131na \u00a0ve \u00e7ok say\u0131da gazetecinin &hellip;<\/p>\n","protected":false},"author":41,"featured_media":284298,"comment_status":"closed","ping_status":"closed","sticky":false,"template":"","format":"standard","meta":{"footnotes":""},"categories":[458,459,17988],"tags":[38704,38669,38705,25920,38706],"class_list":["post-284297","post","type-post","status-publish","format-standard","has-post-thumbnail","","category-dunya1","category-haberler-arap-uluslararasi-politika","category-son-haberler","tag-israil-ile-lubnan-arasindaki-savas","tag-israil-isgal-gucleri","tag-manar-tv","tag-ortadogu","tag-siba-ciftlikleri"],"_links":{"self":[{"href":"https:\/\/archive.sana.sy\/tr\/index.php?rest_route=\/wp\/v2\/posts\/284297","targetHints":{"allow":["GET"]}}],"collection":[{"href":"https:\/\/archive.sana.sy\/tr\/index.php?rest_route=\/wp\/v2\/posts"}],"about":[{"href":"https:\/\/archive.sana.sy\/tr\/index.php?rest_route=\/wp\/v2\/types\/post"}],"author":[{"embeddable":true,"href":"https:\/\/archive.sana.sy\/tr\/index.php?rest_route=\/wp\/v2\/users\/41"}],"replies":[{"embeddable":true,"href":"https:\/\/archive.sana.sy\/tr\/index.php?rest_route=%2Fwp%2Fv2%2Fcomments&post=284297"}],"version-history":[{"count":2,"href":"https:\/\/archive.sana.sy\/tr\/index.php?rest_route=\/wp\/v2\/posts\/284297\/revisions"}],"predecessor-version":[{"id":284300,"href":"https:\/\/archive.sana.sy\/tr\/index.php?rest_route=\/wp\/v2\/posts\/284297\/revisions\/284300"}],"wp:featuredmedia":[{"embeddable":true,"href":"https:\/\/archive.sana.sy\/tr\/index.php?rest_route=\/wp\/v2\/media\/284298"}],"wp:attachment":[{"href":"https:\/\/archive.sana.sy\/tr\/index.php?rest_route=%2Fwp%2Fv2%2Fmedia&parent=284297"}],"wp:term":[{"taxonomy":"category","embeddable":true,"href":"https:\/\/archive.sana.sy\/tr\/index.php?rest_route=%2Fwp%2Fv2%2Fcategories&post=284297"},{"taxonomy":"post_tag","embeddable":true,"href":"https:\/\/archive.sana.sy\/tr\/index.php?rest_route=%2Fwp%2Fv2%2Ftags&post=284297"}],"curies":[{"name":"wp","href":"https:\/\/api.w.org\/{rel}","templated":true}]}}