{"id":284301,"date":"2023-07-15T14:30:29","date_gmt":"2023-07-15T11:30:29","guid":{"rendered":"https:\/\/sana.sy\/tr\/?p=284301"},"modified":"2023-07-17T08:14:34","modified_gmt":"2023-07-17T05:14:34","slug":"rusya-kyiv-rejiminin-nukleer-santrallere-karsi-teror-yontemleri-kullanma-planlarini-kinadi","status":"publish","type":"post","link":"https:\/\/archive.sana.sy\/tr\/?p=284301","title":{"rendered":"Rusya, Kyiv Rejiminin N\u00fckleer Santrallere Kar\u015f\u0131 Ter\u00f6r Y\u00f6ntemleri Kullanma Planlar\u0131n\u0131 K\u0131nad\u0131"},"content":{"rendered":"<p><span style=\"color: #800000;\"><strong>MOSKOVA<\/strong> <\/span>&#8211; Rusya D\u0131\u015fi\u015fleri Bakanl\u0131\u011f\u0131, bug\u00fcn Kursk n\u00fckleer santralinin yak\u0131n\u0131nda bulunan Kurchatov&#8217;da bir insans\u0131z hava arac\u0131n\u0131n d\u00fc\u015f\u00fcr\u00fclmesinin ard\u0131ndan Kyiv rejiminin Rus n\u00fckleer santrallerine kar\u015f\u0131 ter\u00f6r y\u00f6ntemleri kullanma planlar\u0131n\u0131 k\u0131nad\u0131.<\/p>\n<p>Sputnik, olayla ilgili olarak bakanl\u0131k s\u00f6zc\u00fcs\u00fc Maria Zakharova&#8217;n\u0131n, \u2018\u2019Rus n\u00fckleer santrallerine y\u00f6nelik bu ter\u00f6r planlar\u0131, Avrupa&#8217;da bir n\u00fckleer felakete yol a\u00e7abilir\u2019\u2019 ifadelerini aktard\u0131.<\/p>\n<p>Ukrayna&#8217;n\u0131n Kur\u00e7atov&#8217;daki yeni sald\u0131r\u0131s\u0131n\u0131n muhtemel hedefinin Kursk n\u00fckleer santrali oldu\u011funu ifade eden Zakharova, \u2018\u2019Bu, Kyiv rejiminin n\u00fckleer ter\u00f6rizm y\u00f6ntemlerini kullanma yoluna girdi\u011fini bir kez daha g\u00f6steriyor\u2019\u2019 ifadelerini kulland\u0131.<\/p>\n<p>Zakharova ayr\u0131ca, uluslararas\u0131 toplumu ve Uluslararas\u0131 Atom Enerjisi Ajans\u0131 ve Birle\u015fmi\u015f Milletler liderli\u011fini bu konuya azami dikkat g\u00f6stermeye ve Kiev&#8217;in sorumsuz davran\u0131\u015f\u0131n\u0131 k\u0131namaya \u00e7a\u011f\u0131rd\u0131.<\/p>\n<p><a href=\"https:\/\/t.me\/SuriyeArapHaberAjansI\">Telegram Kanal\u0131m\u0131z\u00a0<\/a><\/p>\n<p><a href=\"https:\/\/www.facebook.com\/SANAHaberAjansi\/\">Facebook Sayfam\u0131z<\/a><\/p>\n<p><a href=\"https:\/\/twitter.com\/arap_ajans\">Twitter Hesab\u0131m\u0131z<\/a><\/p>\n","protected":false},"excerpt":{"rendered":"<p>MOSKOVA &#8211; Rusya D\u0131\u015fi\u015fleri Bakanl\u0131\u011f\u0131, bug\u00fcn Kursk n\u00fckleer santralinin yak\u0131n\u0131nda bulunan Kurchatov&#8217;da bir insans\u0131z hava arac\u0131n\u0131n d\u00fc\u015f\u00fcr\u00fclmesinin ard\u0131ndan Kyiv rejiminin Rus n\u00fckleer santrallerine kar\u015f\u0131 ter\u00f6r y\u00f6ntemleri kullanma planlar\u0131n\u0131 k\u0131nad\u0131. Sputnik, olayla ilgili olarak bakanl\u0131k s\u00f6zc\u00fcs\u00fc Maria Zakharova&#8217;n\u0131n, \u2018\u2019Rus n\u00fckleer santrallerine y\u00f6nelik bu ter\u00f6r planlar\u0131, Avrupa&#8217;da bir n\u00fckleer felakete yol a\u00e7abilir\u2019\u2019 ifadelerini aktard\u0131. Ukrayna&#8217;n\u0131n Kur\u00e7atov&#8217;daki yeni &hellip;<\/p>\n","protected":false},"author":41,"featured_media":284302,"comment_status":"closed","ping_status":"closed","sticky":false,"template":"","format":"standard","meta":{"footnotes":""},"categories":[458,459,17988],"tags":[38710,38709,38711,38708,38707],"class_list":["post-284301","post","type-post","status-publish","format-standard","has-post-thumbnail","","category-dunya1","category-haberler-arap-uluslararasi-politika","category-son-haberler","tag-kursk-nukleer-santrali","tag-rus-nukleer-santralleri","tag-ukrayna-ile-rusya-arasindaki-savas","tag-ukraynanin-kurcatovdaki-yeni-saldirisi","tag-uluslararasi-atom-enerjisi-ajansi"],"_links":{"self":[{"href":"https:\/\/archive.sana.sy\/tr\/index.php?rest_route=\/wp\/v2\/posts\/284301","targetHints":{"allow":["GET"]}}],"collection":[{"href":"https:\/\/archive.sana.sy\/tr\/index.php?rest_route=\/wp\/v2\/posts"}],"about":[{"href":"https:\/\/archive.sana.sy\/tr\/index.php?rest_route=\/wp\/v2\/types\/post"}],"author":[{"embeddable":true,"href":"https:\/\/archive.sana.sy\/tr\/index.php?rest_route=\/wp\/v2\/users\/41"}],"replies":[{"embeddable":true,"href":"https:\/\/archive.sana.sy\/tr\/index.php?rest_route=%2Fwp%2Fv2%2Fcomments&post=284301"}],"version-history":[{"count":1,"href":"https:\/\/archive.sana.sy\/tr\/index.php?rest_route=\/wp\/v2\/posts\/284301\/revisions"}],"predecessor-version":[{"id":284303,"href":"https:\/\/archive.sana.sy\/tr\/index.php?rest_route=\/wp\/v2\/posts\/284301\/revisions\/284303"}],"wp:featuredmedia":[{"embeddable":true,"href":"https:\/\/archive.sana.sy\/tr\/index.php?rest_route=\/wp\/v2\/media\/284302"}],"wp:attachment":[{"href":"https:\/\/archive.sana.sy\/tr\/index.php?rest_route=%2Fwp%2Fv2%2Fmedia&parent=284301"}],"wp:term":[{"taxonomy":"category","embeddable":true,"href":"https:\/\/archive.sana.sy\/tr\/index.php?rest_route=%2Fwp%2Fv2%2Fcategories&post=284301"},{"taxonomy":"post_tag","embeddable":true,"href":"https:\/\/archive.sana.sy\/tr\/index.php?rest_route=%2Fwp%2Fv2%2Ftags&post=284301"}],"curies":[{"name":"wp","href":"https:\/\/api.w.org\/{rel}","templated":true}]}}