{"id":284318,"date":"2023-07-15T17:07:31","date_gmt":"2023-07-15T14:07:31","guid":{"rendered":"https:\/\/sana.sy\/tr\/?p=284318"},"modified":"2023-07-17T08:14:48","modified_gmt":"2023-07-17T05:14:48","slug":"tarim-bakani-dag-ormanlarindaki-yanginlarin-yuzde-90ini-sondurebildik","status":"publish","type":"post","link":"https:\/\/archive.sana.sy\/tr\/?p=284318","title":{"rendered":"Tar\u0131m Bakan\u0131: Da\u011f Ormanlar\u0131ndaki Yang\u0131nlar\u0131n Y\u00fczde 90&#8217;\u0131n\u0131 S\u00f6nd\u00fcrebildik"},"content":{"rendered":"<p><strong><span style=\"color: #800000;\">HAMA<\/span> &#8211; <\/strong>Tar\u0131m Bakan\u0131 Muhammed Hassan Katana, itfaiye ekiplerinin ve ekiplerin d\u00fcn Hama&#8217;n\u0131n bat\u0131 k\u0131rsal\u0131ndaki Al-Ghab b\u00f6lgesindeki da\u011f ormanlar\u0131nda \u00e7\u0131kan 3 yang\u0131n\u0131n \u015fimdiye kadar y\u00fczde 90&#8217;\u0131n\u0131 s\u00f6nd\u00fcrd\u00fc\u011f\u00fcn\u00fc bildirdi.<\/p>\n<p><img loading=\"lazy\" decoding=\"async\" class=\"size-full wp-image-284320 alignright\" src=\"http:\/\/sana.sy\/tr\/wp-content\/uploads\/2023\/07\/photo_2023-07-15_15-37-44-300x200-1.jpg\" alt=\"\" width=\"300\" height=\"200\" \/>Bakana g\u00f6re, yang\u0131n\u0131n eteklerinde \u00e7\u0131kan yang\u0131nlar \u015fu anda tamamen s\u00f6nd\u00fcr\u00fclmek i\u00e7in ele al\u0131n\u0131yor.<\/p>\n<p>Bakan yang\u0131n\u0131n oldu\u011fu yerde gazetecilere yapt\u0131\u011f\u0131 a\u00e7\u0131klamada, \u2018\u2019Hama, Humus, Tartus, Lazkiye ve \u015eam olmak \u00fczere 5 vilayetten \u00e7\u0131kan yang\u0131n\u0131n s\u00f6nd\u00fcr\u00fclmesine \u00e7ok say\u0131da hava savunma helikopterinin yan\u0131 s\u0131ra 26 tank ve itfaiye arac\u0131 kat\u0131ld\u0131\u2019\u2019 dedi.<\/p>\n<p>Bakan, yang\u0131nlar\u0131n yapay olabilece\u011fini veya yang\u0131n mahallerinde baz\u0131 kristal cisimlerin bulunmas\u0131 nedeniyle havan\u0131n y\u00fcksek s\u0131cakl\u0131\u011f\u0131ndan kaynakland\u0131\u011f\u0131n\u0131 \u00f6ne s\u00fcrd\u00fc.<\/p>\n<div id='gallery-1' class='gallery galleryid-284318 gallery-columns-2 gallery-size-medium'><figure class='gallery-item'>\n\t\t\t<div class='gallery-icon landscape'>\n\t\t\t\t<a href='https:\/\/archive.sana.sy\/tr\/?attachment_id=284322'><img loading=\"lazy\" decoding=\"async\" width=\"300\" height=\"200\" src=\"https:\/\/archive.sana.sy\/tr\/wp-content\/uploads\/2023\/07\/111-300x200.jpg\" class=\"attachment-medium size-medium\" alt=\"\" srcset=\"https:\/\/archive.sana.sy\/tr\/wp-content\/uploads\/2023\/07\/111-300x200.jpg 300w, https:\/\/archive.sana.sy\/tr\/wp-content\/uploads\/2023\/07\/111.jpg 660w\" sizes=\"auto, (max-width: 300px) 100vw, 300px\" \/><\/a>\n\t\t\t<\/div><\/figure><figure class='gallery-item'>\n\t\t\t<div class='gallery-icon landscape'>\n\t\t\t\t<a href='https:\/\/archive.sana.sy\/tr\/?attachment_id=284321'><img loading=\"lazy\" decoding=\"async\" width=\"300\" height=\"200\" src=\"https:\/\/archive.sana.sy\/tr\/wp-content\/uploads\/2023\/07\/2-5-300x200.jpg\" class=\"attachment-medium size-medium\" alt=\"\" srcset=\"https:\/\/archive.sana.sy\/tr\/wp-content\/uploads\/2023\/07\/2-5-300x200.jpg 300w, https:\/\/archive.sana.sy\/tr\/wp-content\/uploads\/2023\/07\/2-5.jpg 660w\" sizes=\"auto, (max-width: 300px) 100vw, 300px\" \/><\/a>\n\t\t\t<\/div><\/figure>\n\t\t<\/div>\n\n<p><a href=\"https:\/\/t.me\/SuriyeArapHaberAjansI\">Telegram Kanal\u0131m\u0131z\u00a0<\/a><\/p>\n<p><a href=\"https:\/\/www.facebook.com\/SANAHaberAjansi\/\">Facebook Sayfam\u0131z<\/a><\/p>\n<p><a href=\"https:\/\/twitter.com\/arap_ajans\">Twitter Hesab\u0131m\u0131z<\/a><\/p>\n","protected":false},"excerpt":{"rendered":"<p>HAMA &#8211; Tar\u0131m Bakan\u0131 Muhammed Hassan Katana, itfaiye ekiplerinin ve ekiplerin d\u00fcn Hama&#8217;n\u0131n bat\u0131 k\u0131rsal\u0131ndaki Al-Ghab b\u00f6lgesindeki da\u011f ormanlar\u0131nda \u00e7\u0131kan 3 yang\u0131n\u0131n \u015fimdiye kadar y\u00fczde 90&#8217;\u0131n\u0131 s\u00f6nd\u00fcrd\u00fc\u011f\u00fcn\u00fc bildirdi. Bakana g\u00f6re, yang\u0131n\u0131n eteklerinde \u00e7\u0131kan yang\u0131nlar \u015fu anda tamamen s\u00f6nd\u00fcr\u00fclmek i\u00e7in ele al\u0131n\u0131yor. Bakan yang\u0131n\u0131n oldu\u011fu yerde gazetecilere yapt\u0131\u011f\u0131 a\u00e7\u0131klamada, \u2018\u2019Hama, Humus, Tartus, Lazkiye ve \u015eam olmak &hellip;<\/p>\n","protected":false},"author":41,"featured_media":284319,"comment_status":"closed","ping_status":"closed","sticky":false,"template":"","format":"standard","meta":{"footnotes":""},"categories":[479,17988,478],"tags":[19043,38720,24911],"class_list":["post-284318","post","type-post","status-publish","format-standard","has-post-thumbnail","","category-haberler-yerel","category-son-haberler","category-yerel","tag-suriyede-son-durum","tag-suriyede-yangin","tag-suriyede-son-gelismeler"],"_links":{"self":[{"href":"https:\/\/archive.sana.sy\/tr\/index.php?rest_route=\/wp\/v2\/posts\/284318","targetHints":{"allow":["GET"]}}],"collection":[{"href":"https:\/\/archive.sana.sy\/tr\/index.php?rest_route=\/wp\/v2\/posts"}],"about":[{"href":"https:\/\/archive.sana.sy\/tr\/index.php?rest_route=\/wp\/v2\/types\/post"}],"author":[{"embeddable":true,"href":"https:\/\/archive.sana.sy\/tr\/index.php?rest_route=\/wp\/v2\/users\/41"}],"replies":[{"embeddable":true,"href":"https:\/\/archive.sana.sy\/tr\/index.php?rest_route=%2Fwp%2Fv2%2Fcomments&post=284318"}],"version-history":[{"count":2,"href":"https:\/\/archive.sana.sy\/tr\/index.php?rest_route=\/wp\/v2\/posts\/284318\/revisions"}],"predecessor-version":[{"id":284324,"href":"https:\/\/archive.sana.sy\/tr\/index.php?rest_route=\/wp\/v2\/posts\/284318\/revisions\/284324"}],"wp:featuredmedia":[{"embeddable":true,"href":"https:\/\/archive.sana.sy\/tr\/index.php?rest_route=\/wp\/v2\/media\/284319"}],"wp:attachment":[{"href":"https:\/\/archive.sana.sy\/tr\/index.php?rest_route=%2Fwp%2Fv2%2Fmedia&parent=284318"}],"wp:term":[{"taxonomy":"category","embeddable":true,"href":"https:\/\/archive.sana.sy\/tr\/index.php?rest_route=%2Fwp%2Fv2%2Fcategories&post=284318"},{"taxonomy":"post_tag","embeddable":true,"href":"https:\/\/archive.sana.sy\/tr\/index.php?rest_route=%2Fwp%2Fv2%2Ftags&post=284318"}],"curies":[{"name":"wp","href":"https:\/\/api.w.org\/{rel}","templated":true}]}}