{"id":28436,"date":"2015-04-02T20:24:26","date_gmt":"2015-04-02T17:24:26","guid":{"rendered":"http:\/\/www.sana.sy\/tr\/?p=28436"},"modified":"2015-04-02T20:24:26","modified_gmt":"2015-04-02T17:24:26","slug":"iran-disisleri-bakani-zarif-ulkesinin-nukleer-programi-konusunda-51-grubu-ile-ittifaka-vardiklarini-ve-kampsali-nukleer-anlasmanin-metninin-hazirlanmasina-baslanacagini-ilan-etti","status":"publish","type":"post","link":"https:\/\/archive.sana.sy\/tr\/?p=28436","title":{"rendered":"\u0130ran D\u0131\u015fi\u015fleri Bakan\u0131 Zarif; \u00fclkesinin n\u00fckleer program\u0131 konusunda 5+1 grubu ile ittifaka vard\u0131klar\u0131n\u0131 ve kampsal\u0131 n\u00fckleer anla\u015fman\u0131n metninin haz\u0131rlanmas\u0131na ba\u015flanaca\u011f\u0131n\u0131 ilan etti."},"content":{"rendered":"<p>\u0130ran D\u0131\u015fi\u015fleri Bakan\u0131 Zarif; \u00fclkesinin n\u00fckleer program\u0131 konusunda 5+1 grubu ile ittifaka vard\u0131klar\u0131n\u0131 ve kampsal\u0131 n\u00fckleer anla\u015fman\u0131n metninin haz\u0131rlanmas\u0131na ba\u015flanaca\u011f\u0131n\u0131 ilan etti.<\/p>\n","protected":false},"excerpt":{"rendered":"<p>\u0130ran D\u0131\u015fi\u015fleri Bakan\u0131 Zarif; \u00fclkesinin n\u00fckleer program\u0131 konusunda 5+1 grubu ile ittifaka vard\u0131klar\u0131n\u0131 ve kampsal\u0131 n\u00fckleer anla\u015fman\u0131n metninin haz\u0131rlanmas\u0131na ba\u015flanaca\u011f\u0131n\u0131 ilan etti.<\/p>\n","protected":false},"author":1,"featured_media":0,"comment_status":"closed","ping_status":"closed","sticky":false,"template":"","format":"standard","meta":{"footnotes":""},"categories":[1],"tags":[13224],"class_list":["post-28436","post","type-post","status-publish","format-standard","","category-news-not-sorted","tag-iran-disisleri-bakani-zarif-ulkesinin-nukleer-programi-konusunda-51-grubu-ile-ittifaka-vardiklarini-ve-kampsali-nukleer-anlasmanin-metninin-hazirlanmasina-baslanacagini-ilan-etti"],"_links":{"self":[{"href":"https:\/\/archive.sana.sy\/tr\/index.php?rest_route=\/wp\/v2\/posts\/28436","targetHints":{"allow":["GET"]}}],"collection":[{"href":"https:\/\/archive.sana.sy\/tr\/index.php?rest_route=\/wp\/v2\/posts"}],"about":[{"href":"https:\/\/archive.sana.sy\/tr\/index.php?rest_route=\/wp\/v2\/types\/post"}],"author":[{"embeddable":true,"href":"https:\/\/archive.sana.sy\/tr\/index.php?rest_route=\/wp\/v2\/users\/1"}],"replies":[{"embeddable":true,"href":"https:\/\/archive.sana.sy\/tr\/index.php?rest_route=%2Fwp%2Fv2%2Fcomments&post=28436"}],"version-history":[{"count":0,"href":"https:\/\/archive.sana.sy\/tr\/index.php?rest_route=\/wp\/v2\/posts\/28436\/revisions"}],"wp:attachment":[{"href":"https:\/\/archive.sana.sy\/tr\/index.php?rest_route=%2Fwp%2Fv2%2Fmedia&parent=28436"}],"wp:term":[{"taxonomy":"category","embeddable":true,"href":"https:\/\/archive.sana.sy\/tr\/index.php?rest_route=%2Fwp%2Fv2%2Fcategories&post=28436"},{"taxonomy":"post_tag","embeddable":true,"href":"https:\/\/archive.sana.sy\/tr\/index.php?rest_route=%2Fwp%2Fv2%2Ftags&post=28436"}],"curies":[{"name":"wp","href":"https:\/\/api.w.org\/{rel}","templated":true}]}}