{"id":28452,"date":"2015-04-03T16:51:25","date_gmt":"2015-04-03T13:51:25","guid":{"rendered":"http:\/\/www.sana.sy\/tr\/?p=28452"},"modified":"2015-04-03T16:51:25","modified_gmt":"2015-04-03T13:51:25","slug":"uc-patrikten-tum-dunyaya-cagri","status":"publish","type":"post","link":"https:\/\/archive.sana.sy\/tr\/?p=28452","title":{"rendered":"\u00dc\u00e7 Patrikten T\u00fcm D\u00fcnyaya \u00c7a\u011fr\u0131"},"content":{"rendered":"<p>BEYRUT \u2013 Antakya ve T\u00fcm Do\u011fu Rum Ortodokslar Patri\u011fi X. Yuhanna Yaz\u0131c\u0131, Antakya ve T\u00fcm Do\u011fu S\u00fcryani Ortodokslar Patri\u011fi Mar Ignatios II. Afram ve Antakya ve T\u00fcm Do\u011fu Melkite Rum Katolikler Patri\u011fi III. Grigorios Lahham ortak bir \u00e7a\u011fr\u0131da bulundular.<\/p>\n<p>\u00dc\u00e7 Patrik \u00e7a\u011fr\u0131 mektuplar\u0131nda t\u00fcm d\u00fcnyay\u0131 Ma\u015fr\u0131k vatanda\u015flar\u0131na y\u00f6nelik zul\u00fcm ve ter\u00f6re son vermesini talep ettiler.<\/p>\n<p>Filistin\u2019in gasp edilmesine son verme ve Filistin davas\u0131n\u0131 g\u00f6rmezden gelmeye son verilmesini talep eden \u00fc\u00e7 patrik; Suriye&#8217;de kanlar\u0131n ak\u0131t\u0131lmas\u0131 ve b\u00f6lgeye radikal ideolojilerin ithal edilmesine s\u0131n\u0131r koyma davetinde bulundular.<\/p>\n<p>\u00dc\u00e7 patrik Ortado\u011fu&#8217;da t\u00fcm H\u0131ristiyanlar\u0131n ter\u00f6r ve tehciri reddettikleri, topraklar\u0131na tutunup bar\u0131\u015f ve istikrar\u0131 omuz omuza yayma kararl\u0131l\u0131\u011f\u0131nda olduklar\u0131n\u0131n alt\u0131n\u0131 \u00e7izdi.<\/p>\n<p>A.A. &#8211; M.M.<\/p>\n","protected":false},"excerpt":{"rendered":"<p>BEYRUT \u2013 Antakya ve T\u00fcm Do\u011fu Rum Ortodokslar Patri\u011fi X. Yuhanna Yaz\u0131c\u0131, Antakya ve T\u00fcm Do\u011fu S\u00fcryani Ortodokslar Patri\u011fi Mar Ignatios II. Afram ve Antakya ve T\u00fcm Do\u011fu Melkite Rum Katolikler Patri\u011fi III. Grigorios Lahham ortak bir \u00e7a\u011fr\u0131da bulundular. \u00dc\u00e7 Patrik \u00e7a\u011fr\u0131 mektuplar\u0131nda t\u00fcm d\u00fcnyay\u0131 Ma\u015fr\u0131k vatanda\u015flar\u0131na y\u00f6nelik zul\u00fcm ve ter\u00f6re son vermesini talep ettiler. &hellip;<\/p>\n","protected":false},"author":1,"featured_media":28453,"comment_status":"closed","ping_status":"closed","sticky":false,"template":"","format":"standard","meta":{"footnotes":""},"categories":[458,459,447],"tags":[13232,13231,13230],"class_list":["post-28452","post","type-post","status-publish","format-standard","has-post-thumbnail","","category-dunya1","category-haberler-arap-uluslararasi-politika","category-politika","tag-antakya-ve-tum-dogu-suryani-ortodokslar-patrigi-mar-ignatios-ii-afram-ve-antakya-ve-tum-dogu-melkite-rum-katolikler-patrigi-iii-grigorios-lahham-ortak-bir-cagrida-bulundular","tag-beyrut-antakya-ve-tum-dogu-rum-ortodokslar-patrigi-x-yuhanna-yazici","tag-uc-patrikten-tum-dunyaya-cagri"],"_links":{"self":[{"href":"https:\/\/archive.sana.sy\/tr\/index.php?rest_route=\/wp\/v2\/posts\/28452","targetHints":{"allow":["GET"]}}],"collection":[{"href":"https:\/\/archive.sana.sy\/tr\/index.php?rest_route=\/wp\/v2\/posts"}],"about":[{"href":"https:\/\/archive.sana.sy\/tr\/index.php?rest_route=\/wp\/v2\/types\/post"}],"author":[{"embeddable":true,"href":"https:\/\/archive.sana.sy\/tr\/index.php?rest_route=\/wp\/v2\/users\/1"}],"replies":[{"embeddable":true,"href":"https:\/\/archive.sana.sy\/tr\/index.php?rest_route=%2Fwp%2Fv2%2Fcomments&post=28452"}],"version-history":[{"count":0,"href":"https:\/\/archive.sana.sy\/tr\/index.php?rest_route=\/wp\/v2\/posts\/28452\/revisions"}],"wp:featuredmedia":[{"embeddable":true,"href":"https:\/\/archive.sana.sy\/tr\/index.php?rest_route=\/wp\/v2\/media\/28453"}],"wp:attachment":[{"href":"https:\/\/archive.sana.sy\/tr\/index.php?rest_route=%2Fwp%2Fv2%2Fmedia&parent=28452"}],"wp:term":[{"taxonomy":"category","embeddable":true,"href":"https:\/\/archive.sana.sy\/tr\/index.php?rest_route=%2Fwp%2Fv2%2Fcategories&post=28452"},{"taxonomy":"post_tag","embeddable":true,"href":"https:\/\/archive.sana.sy\/tr\/index.php?rest_route=%2Fwp%2Fv2%2Ftags&post=28452"}],"curies":[{"name":"wp","href":"https:\/\/api.w.org\/{rel}","templated":true}]}}