{"id":28455,"date":"2015-04-03T21:04:21","date_gmt":"2015-04-03T18:04:21","guid":{"rendered":"http:\/\/www.sana.sy\/tr\/?p=28455"},"modified":"2015-04-04T13:20:15","modified_gmt":"2015-04-04T10:20:15","slug":"suc-edatlariyla-birlikte-agir-kayiplari-devam-ediyor","status":"publish","type":"post","link":"https:\/\/archive.sana.sy\/tr\/?p=28455","title":{"rendered":"Su\u00e7 Edatlar\u0131yla Birlikte A\u011f\u0131r Kay\u0131plar\u0131 Devam Ediyor"},"content":{"rendered":"<p>\u0130LLER \u2013 D\u0131\u015f g\u00fc\u00e7ler ve istihbarat birimlerinin patronajl\u0131\u011f\u0131nda Suriye&#8217;de ter\u00f6r estiren kiral\u0131k ve tekfirci \u00e7etelere kar\u015f\u0131 ba\u015far\u0131l\u0131 operasyonlar\u0131n\u0131 s\u00fcrd\u00fcren ordu birliklerimiz bug\u00fcn bu \u00e7eteleri bir\u00e7ok b\u00f6lgede a\u011f\u0131r kay\u0131plara u\u011fratmaya devam etti.<\/p>\n<p><span style=\"color: #0000ff\">Dera K\u0131rsal\u0131nda \u00c7ok Say\u0131da Ter\u00f6rist \u00d6l\u00fc ve Yaral\u0131 D\u00fc\u015f\u00fcr\u00fcld\u00fc<\/span><\/p>\n<p>Askeri kaynak ordu birliklerimizin Dera k\u0131rsal\u0131 Um el Meyazin \u2013 Sayda Beldesi yolu \u00fczerinde ter\u00f6ristlerin hareketleri ve toplanma yerlerini hedef almalar\u0131yla \u00e7ok say\u0131da ter\u00f6risti \u00f6l\u00fc ve yaral\u0131 d\u00fc\u015f\u00fcr\u00fcp ara\u00e7lar\u0131n\u0131 da imha ettiklerini belirtti.<\/p>\n<p>Ordu birliklerimizin Dera k\u0131rsal\u0131 Kovm el Vaviyat ve \u015eeyh Miskin b\u00f6lgelerinde \u0130srail\u2019in destekledi\u011fi Nusra Cephesi ve \u2018Musanna \u0130slami Hareketi\u2019ne ait toplanma merkezlerini hedef ald\u0131klar\u0131n\u0131 aktaran kaynak; \u00e7ok say\u0131da ter\u00f6risti \u00f6l\u00fc ve yaral\u0131 d\u00fc\u015f\u00fcrd\u00fcklerini ekledi.<\/p>\n<p>Askeri kaynak; ordu birliklerimizin Dera k\u0131rsal\u0131n\u0131n kuzeyi Etman Beldesinin bat\u0131s\u0131nda bir ter\u00f6r grubunu tamam\u0131yla etkisizle\u015ftirdiklerine dikkat \u00e7ekti.<\/p>\n<p>Di\u011fer yandan ordu birliklerimiz Dera k\u0131rsal\u0131 Tel el Mal K\u00f6y\u00fc ve Enhil Beldesinin g\u00fcneydo\u011fusunda ise Nusra Cephesinin yuva ve h\u00fccrelerine kar\u015f\u0131 nitelikli operasyonlar\u0131n\u0131 s\u00fcrd\u00fcrd\u00fc.<\/p>\n<p><span style=\"color: #0000ff\">Homs K\u0131rsal\u0131nda Aralar\u0131nda Komutanlar\u0131n Bulundu\u011fu Onlarca Ter\u00f6rist \u00d6ld\u00fcr\u00fcld\u00fc<\/span><\/p>\n<p>Askeri kaynak; ordu birliklerimizin Homs k\u0131rsal\u0131 Racm el Kasr, Racm el \u00c2li, Kuzey M\u015feyrfe ve Rhum k\u00f6ylerinde Nusra Cephesi ve \u2018Ahrar el \u015eam \u0130slami Hareketi\u2019ne ait yuva ve karargahlar\u0131 hedef ald\u0131klar\u0131n\u0131 ifade etti.<\/p>\n<p>Kaynak; operasyonlarda \u00e7ok say\u0131da ter\u00f6ristin \u00f6l\u00fc ve yaral\u0131 d\u00fc\u015f\u00fcr\u00fcl\u00fcp silah ve m\u00fchimmat\u0131n\u0131n da imha edildi\u011fini aktard\u0131.<\/p>\n<p>Bu arada ordu birliklerimizin Homs k\u0131rsal\u0131n\u0131n kuzeyi Resten\u2019de karargahlar\u0131 ve toplanma yerlerini hedef ald\u0131klar\u0131n\u0131 belirten kaynak; Nusra Cephesi, \u2018Homs Kolordusu\u2019, \u2018Ahrar el \u015eam\u2019, Halit Bin Velid T\u00fcmeni\u2019 ve \u2018 el Faruk Taburlar\u0131\u2019 \u00e7etelerinden onlarca ter\u00f6risti \u00f6l\u00fc ve yaral\u0131 d\u00fc\u015f\u00fcrd\u00fcklerini s\u00f6yledi.<\/p>\n<p>Ter\u00f6r \u00e7eteleri medya ara\u00e7lar\u0131nda Homs k\u0131rsal\u0131n\u0131n kuzeyi \u011eanto Beldesinde \u2018Homs Kolordusu\u2019na tabi \u2018Halit Bin Velid Torunlar\u0131n\u0131n Taburlar\u0131\u2019 \u00e7etelerden bir eleba\u015f\u0131n\u0131n \u00f6ld\u00fcr\u00fcld\u00fc\u011f\u00fcn\u00fc itiraf etti.<\/p>\n<p><span style=\"color: #0000ff\">Kunaytra K\u0131rsal\u0131nda Nusra Cephesine Ait Yuvalar Muhtevalar\u0131yla \u0130mha Edildi<\/span><\/p>\n<p>Ordu birliklerimiz Kunaytra k\u0131rsal\u0131 Meshara K\u00f6y\u00fcnde Nusra Cephesinin yuva ve k\u00fcmelenme yerlerini hedef alarak su\u00e7 edatlar\u0131n\u0131 da imha etti.<\/p>\n<p>\u00d6te yandan ordu birliklerimiz Kunaytra k\u0131rsal\u0131n\u0131n kuzeydo\u011fusu Han Ernaba Nahiyesine tabi Rasm el Havalid K\u00f6y\u00fcnde y\u00fcksek say\u0131da ter\u00f6risti \u00f6l\u00fc ve yaral\u0131 d\u00fc\u015f\u00fcrd\u00fc.<\/p>\n<p>M.M. &#8211; A.A.<\/p>\n","protected":false},"excerpt":{"rendered":"<p>\u0130LLER \u2013 D\u0131\u015f g\u00fc\u00e7ler ve istihbarat birimlerinin patronajl\u0131\u011f\u0131nda Suriye&#8217;de ter\u00f6r estiren kiral\u0131k ve tekfirci \u00e7etelere kar\u015f\u0131 ba\u015far\u0131l\u0131 operasyonlar\u0131n\u0131 s\u00fcrd\u00fcren ordu birliklerimiz bug\u00fcn bu \u00e7eteleri bir\u00e7ok b\u00f6lgede a\u011f\u0131r kay\u0131plara u\u011fratmaya devam etti. Dera K\u0131rsal\u0131nda \u00c7ok Say\u0131da Ter\u00f6rist \u00d6l\u00fc ve Yaral\u0131 D\u00fc\u015f\u00fcr\u00fcld\u00fc Askeri kaynak ordu birliklerimizin Dera k\u0131rsal\u0131 Um el Meyazin \u2013 Sayda Beldesi yolu \u00fczerinde ter\u00f6ristlerin &hellip;<\/p>\n","protected":false},"author":1,"featured_media":28456,"comment_status":"closed","ping_status":"closed","sticky":false,"template":"","format":"standard","meta":{"footnotes":""},"categories":[575],"tags":[13233],"class_list":["post-28455","post","type-post","status-publish","format-standard","has-post-thumbnail","","category-olaylar-ve-gercekler","tag-suc-edatlariyla-birlikte-agir-kayiplari-devam-ediyor"],"_links":{"self":[{"href":"https:\/\/archive.sana.sy\/tr\/index.php?rest_route=\/wp\/v2\/posts\/28455","targetHints":{"allow":["GET"]}}],"collection":[{"href":"https:\/\/archive.sana.sy\/tr\/index.php?rest_route=\/wp\/v2\/posts"}],"about":[{"href":"https:\/\/archive.sana.sy\/tr\/index.php?rest_route=\/wp\/v2\/types\/post"}],"author":[{"embeddable":true,"href":"https:\/\/archive.sana.sy\/tr\/index.php?rest_route=\/wp\/v2\/users\/1"}],"replies":[{"embeddable":true,"href":"https:\/\/archive.sana.sy\/tr\/index.php?rest_route=%2Fwp%2Fv2%2Fcomments&post=28455"}],"version-history":[{"count":0,"href":"https:\/\/archive.sana.sy\/tr\/index.php?rest_route=\/wp\/v2\/posts\/28455\/revisions"}],"wp:featuredmedia":[{"embeddable":true,"href":"https:\/\/archive.sana.sy\/tr\/index.php?rest_route=\/wp\/v2\/media\/28456"}],"wp:attachment":[{"href":"https:\/\/archive.sana.sy\/tr\/index.php?rest_route=%2Fwp%2Fv2%2Fmedia&parent=28455"}],"wp:term":[{"taxonomy":"category","embeddable":true,"href":"https:\/\/archive.sana.sy\/tr\/index.php?rest_route=%2Fwp%2Fv2%2Fcategories&post=28455"},{"taxonomy":"post_tag","embeddable":true,"href":"https:\/\/archive.sana.sy\/tr\/index.php?rest_route=%2Fwp%2Fv2%2Ftags&post=28455"}],"curies":[{"name":"wp","href":"https:\/\/api.w.org\/{rel}","templated":true}]}}