{"id":284597,"date":"2023-07-18T19:37:42","date_gmt":"2023-07-18T16:37:42","guid":{"rendered":"https:\/\/sana.sy\/tr\/?p=284597"},"modified":"2023-07-20T08:30:47","modified_gmt":"2023-07-20T05:30:47","slug":"bakan-cohadar-bahreyn-buyukelcisiyle-endustriyel-isbirligi-olasiliklarini-gorustu","status":"publish","type":"post","link":"https:\/\/archive.sana.sy\/tr\/?p=284597","title":{"rendered":"Bakan \u00a0Cohadar, Bahreyn B\u00fcy\u00fckel\u00e7isiyle End\u00fcstriyel \u0130\u015fbirli\u011fi Olas\u0131l\u0131klar\u0131n\u0131 G\u00f6r\u00fc\u015ft\u00fc"},"content":{"rendered":"<p><span style=\"color: #800000;\"><strong>\u00a0Sanayi Bakan\u0131 Abdulkadir Cohadar, Bahreyn Krall\u0131\u011f\u0131&#8217;n\u0131n Suriye&#8217;deki Ola\u011fan\u00fcst\u00fc ve Tam Yetkili B\u00fcy\u00fckel\u00e7isi Vehid M\u00fcbarek El Sayyar ile iki \u00fclke aras\u0131ndaki end\u00fcstriyel ve ticari i\u015fbirli\u011finin yollar\u0131n\u0131 ve olas\u0131l\u0131klar\u0131n\u0131 g\u00f6r\u00fc\u015ft\u00fc.<\/strong><\/span><!--more--><\/p>\n<p><span style=\"color: #800000;\"><strong>\u015eAM <\/strong><span style=\"color: #0000ff;\">18 Temmuz 2023<\/span><\/span> &#8211; <span style=\"color: #000000;\">Sanayi Bakan\u0131 Abdulkadir Cohadar, Bahreyn Krall\u0131\u011f\u0131&#8217;n\u0131n Suriye&#8217;deki Ola\u011fan\u00fcst\u00fc ve Tam Yetkili B\u00fcy\u00fckel\u00e7isi Vehid M\u00fcbarek El Sayyar ile iki \u00fclke aras\u0131ndaki end\u00fcstriyel ve ticari i\u015fbirli\u011finin yollar\u0131n\u0131 ve olas\u0131l\u0131klar\u0131n\u0131 g\u00f6r\u00fc\u015ft\u00fc.<\/span><\/p>\n<p>Bug\u00fcn Bakanl\u0131k binas\u0131nda ger\u00e7ekle\u015ftirilen g\u00f6r\u00fc\u015fmede Bakan Cohadar, Suriye ile Bahreyn aras\u0131ndaki karde\u015flik ili\u015fkilerini g\u00fc\u00e7lendirmenin ve ilerletmenin, ekonomik ve ticari i\u015f birli\u011fini geli\u015ftirmenin ve deneyim al\u0131\u015fveri\u015fi ve ortak yat\u0131r\u0131mlar\u0131 te\u015fvik ederek ufkunu geni\u015fletmenin \u00f6nemini vurgulad\u0131.<\/p>\n<p>B\u00fcy\u00fckel\u00e7i El Seyyar ise, Suriye&#8217;nin Bahreyn&#8217;de d\u00fczenlenen ihtisas fuarlar\u0131na kat\u0131lmas\u0131 ve iki \u00fclkedeki ticaret ve sanayi odalar\u0131 ile i\u015fadamlar\u0131n\u0131n rol\u00fcn\u00fcn etkinle\u015ftirilmesi \u00e7a\u011fr\u0131s\u0131nda bulundu.<\/p>\n<p>G\u00f6r\u00fc\u015fmede, daha \u00f6nce Sanayi Bakanl\u0131\u011f\u0131 ile Bahreyn Krall\u0131\u011f\u0131 aras\u0131nda standartlar ve metroloji alan\u0131nda imzalanan mutabakat zapt\u0131&#8217;n\u0131n yeniden etkinle\u015ftirilmesi ve daha geni\u015f end\u00fcstriyel i\u015fbirli\u011fi alanlar\u0131n\u0131 i\u00e7eren bir y\u00fcr\u00fctme \u00e7al\u0131\u015fma program\u0131 geli\u015ftirilmesi kararla\u015ft\u0131r\u0131ld\u0131.<\/p>\n<p><a href=\"https:\/\/t.me\/SuriyeArapHaberAjansI\">Telegram Kanal\u0131m\u0131z\u00a0<\/a><\/p>\n<p><a href=\"https:\/\/www.facebook.com\/SANAHaberAjansi\/\">Facebook Sayfam\u0131z<\/a><\/p>\n<p><a href=\"https:\/\/twitter.com\/arap_ajans\">Twitter Hesab\u0131m\u0131z<\/a><\/p>\n","protected":false},"excerpt":{"rendered":"<p>\u00a0Sanayi Bakan\u0131 Abdulkadir Cohadar, Bahreyn Krall\u0131\u011f\u0131&#8217;n\u0131n Suriye&#8217;deki Ola\u011fan\u00fcst\u00fc ve Tam Yetkili B\u00fcy\u00fckel\u00e7isi Vehid M\u00fcbarek El Sayyar ile iki \u00fclke aras\u0131ndaki end\u00fcstriyel ve ticari i\u015fbirli\u011finin yollar\u0131n\u0131 ve olas\u0131l\u0131klar\u0131n\u0131 g\u00f6r\u00fc\u015ft\u00fc.<\/p>\n","protected":false},"author":41,"featured_media":284598,"comment_status":"closed","ping_status":"closed","sticky":false,"template":"","format":"standard","meta":{"footnotes":""},"categories":[485,486,479,17988,478],"tags":[38804,38805,38803,19043,38634,22182],"class_list":["post-284597","post","type-post","status-publish","format-standard","has-post-thumbnail","","category-is-ve-sermaye","category-haberler-is-ve-sermaye","category-haberler-yerel","category-son-haberler","category-yerel","tag-bahreyn-buyukelcisiyle-endustriyel-isbirligi-olasiliklarini-gorustu","tag-bahreyn-kralliginin-suriyedeki-olaganustu-ve-tam-yetkili-buyukelcisi-vehid-mubarek-el-sayyar","tag-bakan-cohadar","tag-suriyede-son-durum","tag-suriyede-son-gelimler","tag-suriyede-savas"],"_links":{"self":[{"href":"https:\/\/archive.sana.sy\/tr\/index.php?rest_route=\/wp\/v2\/posts\/284597","targetHints":{"allow":["GET"]}}],"collection":[{"href":"https:\/\/archive.sana.sy\/tr\/index.php?rest_route=\/wp\/v2\/posts"}],"about":[{"href":"https:\/\/archive.sana.sy\/tr\/index.php?rest_route=\/wp\/v2\/types\/post"}],"author":[{"embeddable":true,"href":"https:\/\/archive.sana.sy\/tr\/index.php?rest_route=\/wp\/v2\/users\/41"}],"replies":[{"embeddable":true,"href":"https:\/\/archive.sana.sy\/tr\/index.php?rest_route=%2Fwp%2Fv2%2Fcomments&post=284597"}],"version-history":[{"count":4,"href":"https:\/\/archive.sana.sy\/tr\/index.php?rest_route=\/wp\/v2\/posts\/284597\/revisions"}],"predecessor-version":[{"id":284608,"href":"https:\/\/archive.sana.sy\/tr\/index.php?rest_route=\/wp\/v2\/posts\/284597\/revisions\/284608"}],"wp:featuredmedia":[{"embeddable":true,"href":"https:\/\/archive.sana.sy\/tr\/index.php?rest_route=\/wp\/v2\/media\/284598"}],"wp:attachment":[{"href":"https:\/\/archive.sana.sy\/tr\/index.php?rest_route=%2Fwp%2Fv2%2Fmedia&parent=284597"}],"wp:term":[{"taxonomy":"category","embeddable":true,"href":"https:\/\/archive.sana.sy\/tr\/index.php?rest_route=%2Fwp%2Fv2%2Fcategories&post=284597"},{"taxonomy":"post_tag","embeddable":true,"href":"https:\/\/archive.sana.sy\/tr\/index.php?rest_route=%2Fwp%2Fv2%2Ftags&post=284597"}],"curies":[{"name":"wp","href":"https:\/\/api.w.org\/{rel}","templated":true}]}}