{"id":284609,"date":"2023-07-19T10:24:38","date_gmt":"2023-07-19T07:24:38","guid":{"rendered":"https:\/\/sana.sy\/tr\/?p=284609"},"modified":"2023-07-20T08:29:03","modified_gmt":"2023-07-20T05:29:03","slug":"dusman-israilin-sama-duzenledigi-saldirganlikta-2-asker-yaralandi","status":"publish","type":"post","link":"https:\/\/archive.sana.sy\/tr\/?p=284609","title":{"rendered":"D\u00fc\u015fman \u0130srail\u2019in \u015eam\u2019a D\u00fczenledi\u011fi Sald\u0131rganl\u0131kta 2 Asker Yaraland\u0131 &#8220;V\u0130DEO&#8221;"},"content":{"rendered":"<p><strong><span style=\"color: #800000;\">\u015eAM<\/span> <\/strong><span style=\"color: #0000ff;\">19 Temmuz 2023<\/span> \u2013 \u0130srail&#8217;in \u015eam yak\u0131nlar\u0131ndaki baz\u0131 noktalar\u0131 hedef alan sald\u0131rganl\u0131\u011f\u0131 sonucu iki asker yaraland\u0131 ve maddi hasar meydana geldi.<\/p>\n<p>Askeri bir kaynak SANA\u2019ya yapt\u0131\u011f\u0131 a\u00e7\u0131klamada, &#8220;Bu sabah yakla\u015f\u0131k 00:25&#8217;te d\u00fc\u015fman \u0130srail, i\u015fgal edilen <span style=\"color: #0000ff;\">Suriyeli Golan<\/span>&#8216;\u0131n kuzeyinden \u015eam \u00e7evresindeki baz\u0131 noktalar\u0131 hedef alan bir hava sald\u0131rganl\u0131\u011f\u0131 ger\u00e7ekle\u015ftirdi. Hava savunmam\u0131z, sald\u0131rgan f\u00fczelere kar\u015f\u0131 koyarak \u00e7o\u011funu d\u00fc\u015f\u00fcrd\u00fc&#8221; dedi.<\/p>\n<p>Kaynak ayr\u0131ca, sald\u0131rganl\u0131\u011f\u0131n 2 askerin yaralanmas\u0131na ve baz\u0131 maddi kay\u0131plara yol a\u00e7t\u0131\u011f\u0131n\u0131 kaydetti.<\/p>\n<p><iframe loading=\"lazy\" title=\"\u0648\u0633\u0627\u0626\u0637 \u062f\u0641\u0627\u0639\u0646\u0627 \u0627\u0644\u062c\u0648\u064a \u062a\u062a\u0635\u062f\u0649 \u0644\u0623\u0647\u062f\u0627\u0641 \u0645\u0639\u0627\u062f\u064a\u0629 \u0641\u064a \u0633\u0645\u0627\u0621 \u0645\u062d\u064a\u0637 \u062f\u0645\u0634\u0642\" src=\"https:\/\/www.youtube.com\/embed\/Jw6QGX5-xGI\" width=\"620\" height=\"348\" frameborder=\"0\" allowfullscreen=\"allowfullscreen\"><\/iframe><\/p>\n<div id='gallery-1' class='gallery galleryid-284609 gallery-columns-1 gallery-size-full'><figure class='gallery-item'>\n\t\t\t<div class='gallery-icon landscape'>\n\t\t\t\t<a href='https:\/\/archive.sana.sy\/tr\/wp-content\/uploads\/2023\/07\/photo_2023-07-19_00-38-26-1536x728-1.jpg'><img loading=\"lazy\" decoding=\"async\" width=\"1536\" height=\"728\" src=\"https:\/\/archive.sana.sy\/tr\/wp-content\/uploads\/2023\/07\/photo_2023-07-19_00-38-26-1536x728-1.jpg\" class=\"attachment-full size-full\" alt=\"\" srcset=\"https:\/\/archive.sana.sy\/tr\/wp-content\/uploads\/2023\/07\/photo_2023-07-19_00-38-26-1536x728-1.jpg 1536w, https:\/\/archive.sana.sy\/tr\/wp-content\/uploads\/2023\/07\/photo_2023-07-19_00-38-26-1536x728-1-300x142.jpg 300w, https:\/\/archive.sana.sy\/tr\/wp-content\/uploads\/2023\/07\/photo_2023-07-19_00-38-26-1536x728-1-1024x485.jpg 1024w, https:\/\/archive.sana.sy\/tr\/wp-content\/uploads\/2023\/07\/photo_2023-07-19_00-38-26-1536x728-1-768x364.jpg 768w\" sizes=\"auto, (max-width: 1536px) 100vw, 1536px\" \/><\/a>\n\t\t\t<\/div><\/figure><figure class='gallery-item'>\n\t\t\t<div class='gallery-icon landscape'>\n\t\t\t\t<a href='https:\/\/archive.sana.sy\/tr\/wp-content\/uploads\/2023\/07\/photo_2023-07-19_00-38-25-1536x946-1.jpg'><img loading=\"lazy\" decoding=\"async\" width=\"1536\" height=\"946\" src=\"https:\/\/archive.sana.sy\/tr\/wp-content\/uploads\/2023\/07\/photo_2023-07-19_00-38-25-1536x946-1.jpg\" class=\"attachment-full size-full\" alt=\"\" srcset=\"https:\/\/archive.sana.sy\/tr\/wp-content\/uploads\/2023\/07\/photo_2023-07-19_00-38-25-1536x946-1.jpg 1536w, https:\/\/archive.sana.sy\/tr\/wp-content\/uploads\/2023\/07\/photo_2023-07-19_00-38-25-1536x946-1-300x185.jpg 300w, https:\/\/archive.sana.sy\/tr\/wp-content\/uploads\/2023\/07\/photo_2023-07-19_00-38-25-1536x946-1-1024x631.jpg 1024w, https:\/\/archive.sana.sy\/tr\/wp-content\/uploads\/2023\/07\/photo_2023-07-19_00-38-25-1536x946-1-768x473.jpg 768w\" sizes=\"auto, (max-width: 1536px) 100vw, 1536px\" \/><\/a>\n\t\t\t<\/div><\/figure>\n\t\t<\/div>\n\n<p><a href=\"https:\/\/t.me\/SuriyeArapHaberAjansI\">Telegram Kanal\u0131m\u0131z\u00a0<\/a><\/p>\n<p><a href=\"https:\/\/www.facebook.com\/SANAHaberAjansi\/\">Facebook Sayfam\u0131z<\/a><\/p>\n<p><a href=\"https:\/\/twitter.com\/arap_ajans\">Twitter Hesab\u0131m\u0131z<\/a><\/p>\n","protected":false},"excerpt":{"rendered":"<p>\u015eAM 19 Temmuz 2023 \u2013 \u0130srail&#8217;in \u015eam yak\u0131nlar\u0131ndaki baz\u0131 noktalar\u0131 hedef alan sald\u0131rganl\u0131\u011f\u0131 sonucu iki asker yaraland\u0131 ve maddi hasar meydana geldi. Askeri bir kaynak SANA\u2019ya yapt\u0131\u011f\u0131 a\u00e7\u0131klamada, &#8220;Bu sabah yakla\u015f\u0131k 00:25&#8217;te d\u00fc\u015fman \u0130srail, i\u015fgal edilen Suriyeli Golan&#8216;\u0131n kuzeyinden \u015eam \u00e7evresindeki baz\u0131 noktalar\u0131 hedef alan bir hava sald\u0131rganl\u0131\u011f\u0131 ger\u00e7ekle\u015ftirdi. Hava savunmam\u0131z, sald\u0131rgan f\u00fczelere kar\u015f\u0131 koyarak &hellip;<\/p>\n","protected":false},"author":39,"featured_media":284610,"comment_status":"closed","ping_status":"closed","sticky":false,"template":"","format":"standard","meta":{"footnotes":""},"categories":[479,575,17988,478],"tags":[38810,19174,22182,38809],"class_list":["post-284609","post","type-post","status-publish","format-standard","has-post-thumbnail","","category-haberler-yerel","category-olaylar-ve-gercekler","category-son-haberler","category-yerel","tag-israilin-suriyeye-saldirilari","tag-suriyede-son-durumlar","tag-suriyede-savas","tag-suriyeli-golan"],"_links":{"self":[{"href":"https:\/\/archive.sana.sy\/tr\/index.php?rest_route=\/wp\/v2\/posts\/284609","targetHints":{"allow":["GET"]}}],"collection":[{"href":"https:\/\/archive.sana.sy\/tr\/index.php?rest_route=\/wp\/v2\/posts"}],"about":[{"href":"https:\/\/archive.sana.sy\/tr\/index.php?rest_route=\/wp\/v2\/types\/post"}],"author":[{"embeddable":true,"href":"https:\/\/archive.sana.sy\/tr\/index.php?rest_route=\/wp\/v2\/users\/39"}],"replies":[{"embeddable":true,"href":"https:\/\/archive.sana.sy\/tr\/index.php?rest_route=%2Fwp%2Fv2%2Fcomments&post=284609"}],"version-history":[{"count":8,"href":"https:\/\/archive.sana.sy\/tr\/index.php?rest_route=\/wp\/v2\/posts\/284609\/revisions"}],"predecessor-version":[{"id":284635,"href":"https:\/\/archive.sana.sy\/tr\/index.php?rest_route=\/wp\/v2\/posts\/284609\/revisions\/284635"}],"wp:featuredmedia":[{"embeddable":true,"href":"https:\/\/archive.sana.sy\/tr\/index.php?rest_route=\/wp\/v2\/media\/284610"}],"wp:attachment":[{"href":"https:\/\/archive.sana.sy\/tr\/index.php?rest_route=%2Fwp%2Fv2%2Fmedia&parent=284609"}],"wp:term":[{"taxonomy":"category","embeddable":true,"href":"https:\/\/archive.sana.sy\/tr\/index.php?rest_route=%2Fwp%2Fv2%2Fcategories&post=284609"},{"taxonomy":"post_tag","embeddable":true,"href":"https:\/\/archive.sana.sy\/tr\/index.php?rest_route=%2Fwp%2Fv2%2Ftags&post=284609"}],"curies":[{"name":"wp","href":"https:\/\/api.w.org\/{rel}","templated":true}]}}